{"id":9516,"date":"2015-12-31T13:42:40","date_gmt":"2015-12-31T13:42:40","guid":{"rendered":"http:\/\/willizblog.de\/?p=9516"},"modified":"2015-12-31T13:42:40","modified_gmt":"2015-12-31T13:42:40","slug":"jahreswende","status":"publish","type":"post","link":"https:\/\/willizblog.de\/?p=9516","title":{"rendered":"Jahreswende"},"content":{"rendered":"<p><em>Ich lob\u2019 es nicht, das alte Jahr,<br \/>\nIch schimpf\u2019 es nicht. So wie es war,<br \/>\nSo wie es jetzt noch vor uns steht,<br \/>\nEhdenn es ganz von hinnen geht,<br \/>\nVerbraucht und alt, die Taschen voll<br \/>\nVon unerf\u00fcllten W\u00fcnschen, soll<br \/>\nEs meinethalb vergessen sein!<\/em><\/p>\n<p><em>Das neue t\u00e4nzelt nun herein,<br \/>\nMit falschem L\u00e4cheln im Gesicht,<br \/>\nDie Augen leuchtend, und verspricht<br \/>\nDem einen dies, dem andern das,<br \/>\nUnd allen viel, und jedem was<br \/>\nUnd spitzt das Maul, ist zuckers\u00fc\u00df,<br \/>\nDas richtige Spinatgem\u00fcs!<br \/>\nDem sag\u2019 ich \u2013 gebt mir erst noch Punsch! \u2013,<br \/>\nDem sag\u2019 ich: Ich hab\u2019 keinen Wunsch.<br \/>\nBring, was du mu\u00dft, nicht, was ich mag,<br \/>\nUnd fahre ab am letzten Tag!<\/em><\/p>\n<ul><img src=\"http:\/\/www.lto.de\/fileadmin\/_migrated\/tx_ltoartikel\/ludwig_thoma_535.jpg\" alt=\"Ludwig Thoma (1867 - 1921)\" title=\"Ludwig Thoma (1867 - 1921)\" \/><\/ul>\n<p>So schrieb einst <a href=\"https:\/\/de.wikipedia.org\/wiki\/Ludwig_Thoma\" target=\"_blank\">Ludwig Thoma<\/a>, der sich schon als Sch\u00fcler gegen Scheinautorit\u00e4t und Doppelmoral heftig zur Wehr setzte. Gleitet sicher aus dem Jahr und kommt gut im neuen an: <em>Guten Rutsch<\/em> oder wie der Hebr\u00e4er sagt: \u05e8\u05d0\u05e9 \u05d4\u05e9\u05e0\u05d4 \u05d8\u05d5\u05d1 (<a href=\"https:\/\/de.wikipedia.org\/wiki\/Rosch_ha-Schana\" target=\"_blank\">Rosch ha schana<\/a> tov).<\/p>\n","protected":false},"excerpt":{"rendered":"<p>Ich lob\u2019 es nicht, das alte Jahr, Ich schimpf\u2019 es nicht. So wie es war, So wie es jetzt noch vor uns steht, Ehdenn es ganz von hinnen geht, Verbraucht und alt, die Taschen voll Von unerf\u00fcllten W\u00fcnschen, soll Es meinethalb vergessen sein! Das neue t\u00e4nzelt nun herein, Mit falschem L\u00e4cheln im Gesicht, Die Augen &hellip; <a href=\"https:\/\/willizblog.de\/?p=9516\" class=\"more-link\"><span class=\"screen-reader-text\">Jahreswende<\/span> weiterlesen <span class=\"meta-nav\">&rarr;<\/span><\/a><\/p>\n","protected":false},"author":1,"featured_media":0,"comment_status":"open","ping_status":"open","sticky":false,"template":"","format":"standard","meta":[],"categories":[32],"tags":[],"_links":{"self":[{"href":"https:\/\/willizblog.de\/index.php?rest_route=\/wp\/v2\/posts\/9516"}],"collection":[{"href":"https:\/\/willizblog.de\/index.php?rest_route=\/wp\/v2\/posts"}],"about":[{"href":"https:\/\/willizblog.de\/index.php?rest_route=\/wp\/v2\/types\/post"}],"author":[{"embeddable":true,"href":"https:\/\/willizblog.de\/index.php?rest_route=\/wp\/v2\/users\/1"}],"replies":[{"embeddable":true,"href":"https:\/\/willizblog.de\/index.php?rest_route=%2Fwp%2Fv2%2Fcomments&post=9516"}],"version-history":[{"count":0,"href":"https:\/\/willizblog.de\/index.php?rest_route=\/wp\/v2\/posts\/9516\/revisions"}],"wp:attachment":[{"href":"https:\/\/willizblog.de\/index.php?rest_route=%2Fwp%2Fv2%2Fmedia&parent=9516"}],"wp:term":[{"taxonomy":"category","embeddable":true,"href":"https:\/\/willizblog.de\/index.php?rest_route=%2Fwp%2Fv2%2Fcategories&post=9516"},{"taxonomy":"post_tag","embeddable":true,"href":"https:\/\/willizblog.de\/index.php?rest_route=%2Fwp%2Fv2%2Ftags&post=9516"}],"curies":[{"name":"wp","href":"https:\/\/api.w.org\/{rel}","templated":true}]}}