{"id":9538,"date":"2016-01-14T10:27:17","date_gmt":"2016-01-14T10:27:17","guid":{"rendered":"http:\/\/willizblog.de\/?p=9538"},"modified":"2016-01-14T10:27:17","modified_gmt":"2016-01-14T10:27:17","slug":"jacques-tati-schuetzenfest-1949","status":"publish","type":"post","link":"https:\/\/willizblog.de\/?p=9538","title":{"rendered":"Jacques Tati: Sch\u00fctzenfest (1949)"},"content":{"rendered":"<p>Nach <a target=\"_blank\" rel=\"nofollow\" href=\"https:\/\/www.amazon.de\/gp\/search?ie=UTF8&#038;camp=1638&#038;creative=6742&#038;index=dvd&#038;keywords=jacques%20tati&#038;linkCode=ur2&#038;tag=familiealbin-21\"><strong>Jacques Tati<\/strong><\/a><img loading=\"lazy\" src=\"http:\/\/ir-de.amazon-adsystem.com\/e\/ir?t=familiealbin-21&#038;l=ur2&#038;o=3\" width=\"1\" height=\"1\" border=\"0\" alt=\"\" style=\"border:none !important; margin:0px !important;\" \/>s zweiten Spielfilm <a href=\"https:\/\/www.willizblog.de\/?p=9524\" target=\"_blank\">Die Ferien des Monsieur Hulot<\/a> aus dem Jahr 1953 habe ich mir jetzt auch seinen ersten von ihm selbst geschriebenen und inszenierten Langfilm <em>Jour de f\u00eate<\/em> (<a href=\"https:\/\/de.wikipedia.org\/wiki\/Tatis_Sch%C3%BCtzenfest\" target=\"_blank\">Tatis Sch\u00fctzenfest<\/a> &#8211; 1947 gedreht, 1949 erschienen) angeguckt, der mit <a href=\"http:\/\/cinema.arte.tv\/de\/dossier\/schwerpunkt-jacques-tati\" target=\"_blank\">drei weiteren Filmen<\/a> zum Jahreswechsel auf <a href=\"http:\/\/www.arte.tv\/de\" target=\"_blank\">arte<\/a> gezeigt wurde.<\/p>\n<p><em>Fran\u00e7ois (<a href=\"https:\/\/de.wikipedia.org\/wiki\/Jacques_Tati\" target=\"_blank\">Jacques Tati<\/a>), der linkische Brieftr\u00e4ger in dem vertr\u00e4umten Dorf St.-S\u00e9v\u00e8re-sur-Indre, begeistert sich pl\u00f6tzlich f\u00fcr den Fortschritt: Nachdem er im Kinozelt auf dem Sch\u00fctzenfest in einem Film gesehen hat, dass die Post in den USA mit Flugzeugen bef\u00f6rdert wird, nimmt er sich keine Zeit mehr f\u00fcr ein Gl\u00e4schen Wein oder ein Schw\u00e4tzchen im Bistro, denn das Motto lautet von nun an: &#8222;Rapidit\u00e9!&#8220; Auf seinem klapprigen Fahrrad hetzt er durchs Dorf und erfindet waghalsige Kunstst\u00fccke, um Zeit zu sparen. Die anderen Dorfbewohner sch\u00fctteln den Kopf, wenn sie ihn rasen sehen.<\/em> (Quelle: <a href=\"http:\/\/www.dieterwunderlich.de\/Tati_schutzenfest.htm\" target=\"_blank\">dieterwunderlich.de<\/a>)<\/p>\n<p>Schon in diesem Film zeigt Tati das Spannungsfeld zwischen \u201eguter alter Zeit\u201c und den Errungenschaften der Moderne, die er 1967 auch in dem Film <a href=\"https:\/\/de.wikipedia.org\/wiki\/Tatis_herrliche_Zeiten\" target=\"_blank\">Tatis herrliche Zeiten<\/a> (<em>Playtime<\/em>) persiflierte.<\/p>\n<p><em>In &#8222;Tatis Sch\u00fctzenfest&#8220; kommt es durch Fortschritt und Rationalisierung in einem Dorf zur Katastrophe, denn da bleiben die pers\u00f6nlichen Beziehungen auf der Strecke. Tatis Kritik richtet sich wohl auch gegen die Amerikanisierung des Lebens, die nach dem Zweiten Weltkrieg in Europa einsetzte. Den Film inszenierte er als ein Geflecht von Miniaturgeschichten rund um den Postboten Fran\u00e7ois.<\/em><\/p>\n<p><em>Jacques Tatischeff wurde 1908 in Frankreich geboren, als Sohn eines Kunstrestaurators, Enkel eines russischen Grafen und mit italienischen, niederl\u00e4ndischen und franz\u00f6sischen Vorfahren. In den Drei\u00dfigerjahren trat er als angeblich betrunkener Pausenkellner in einem Pariser Nachtclub auf und zog als Pantomime durch Kabaretts, Variet\u00e9s und Zirkuszelte. 1947 drehte er seinen ersten Kurzfilm: &#8222;Die Schule der Brieftr\u00e4ger&#8220;.<\/em><\/p>\n<p><em>Mit &#8222;Tatis Sch\u00fctzenfest&#8220; ist ihm ein poetischer, liebevoller und urkomischer Film gelungen, der 1949 bei den Filmfestspielen in Venedig und im Jahr darauf mit dem Grand Prix du Cinema ausgezeichnet wurde.<\/em><\/p>\n<p>Tati als Brieftr\u00e4ger Fran\u00e7ois ist einfach k\u00f6stlich. Es klingt vielleicht komisch, aber um in den vollen Genuss des Films zu kommen, muss man erst einmal \u201aloslassen\u2018 und vielleicht all den Schenkelklopfermist US-amerikanischer Machart vergessen. Besonders am\u00fcsant sind die Radfahrerszenen. In der ersten Szene hat sich Fran\u00e7ois\u2018 Fahrrad selbst\u00e4ndig gemacht:<\/p>\n<p><iframe loading=\"lazy\" width=\"420\" height=\"315\" src=\"https:\/\/www.youtube.com\/embed\/IXhRPnh1JSU\" frameborder=\"0\" allowfullscreen><\/iframe><br \/>\nTatis Sch\u00fctzenfest (Jour de f\u00eate): Ausschnitt 1<\/p>\n<p>Und hier ist Fran\u00e7ois schneller unterwegs als das <a href=\"https:\/\/de.wikipedia.org\/wiki\/Peloton_%28Radsport%29\" target=\"_blank\">Peleton<\/a> von Radsportlern:<\/p>\n<p><iframe loading=\"lazy\" width=\"560\" height=\"315\" src=\"https:\/\/www.youtube.com\/embed\/y2-7ztrFBfg\" frameborder=\"0\" allowfullscreen><\/iframe><br \/>\nTatis Sch\u00fctzenfest (Jour de f\u00eate): Ausschnitt 2<\/p>\n<p>Geschwindigkeit ist alles: Wie sich Fran\u00e7ois die moderne Briefzustellung vorstellt:<\/p>\n<p><iframe loading=\"lazy\" width=\"560\" height=\"315\" src=\"https:\/\/www.youtube.com\/embed\/06u0NQ9Vk_o\" frameborder=\"0\" allowfullscreen><\/iframe><br \/>\nTatis Sch\u00fctzenfest (Jour de f\u00eate): Ausschnitt 3<\/p>\n<p><img src=\"https:\/\/www.willizblog.de\/images\/jacques_tati_schuetzenfest_fahrrad.jpg\" alt=\"Tatis Sch\u00fctzenfest (Jour de f\u00eate) - Kopf 'runter, in die Pedalen!\" title=\"Tatis Sch\u00fctzenfest (Jour de f\u00eate) - Kopf 'runter, in die Pedalen!\" \/><\/p>\n<p>Zuletzt eine kleine Hommage an Tatis Film, der auch die Szene enth\u00e4lt, als Fran\u00e7ois, vom B\u00e4ckerjungen auf dem Mofa angetrieben (\u201eKopf &#8218;runter, in die Pedalen!\u201c), die Abzweigung verpasst und, statt \u00fcber die Br\u00fccke zu fahren, im Fluss landet:<\/p>\n<p><iframe loading=\"lazy\" width=\"420\" height=\"315\" src=\"https:\/\/www.youtube.com\/embed\/u3noZhXZNB0\" frameborder=\"0\" allowfullscreen><\/iframe><br \/>\nHommage an Tatis Sch\u00fctzenfest (Jour de f\u00eate)<\/p>\n<p>Die Szene mit dem Sturz ins Wasser erinnert mich an eine Szene aus dem ebenfalls aus Frankreich stammenden Film <a href=\"https:\/\/www.willizblog.de\/?p=2117\" target=\"_blank\">Willkommen bei den Sch\u2019tis<\/a>. Hier landet Philippe, der deutlich angetrunkene Filialleiter der Post, mit dem Rad in ein Stra\u00dfencafe. Ob die Macher des Films hier vielleicht an Jacques Tati gedacht haben?<\/p>\n<p><img src=\"https:\/\/www.willizblog.de\/images\/schtis_fahrrad.jpg\" alt=\"Willkommen bei den Sch\u2019tis: Ab geht die Post\" title=\"Willkommen bei den Sch\u2019tis: Ab geht die Post\" \/><\/p>\n","protected":false},"excerpt":{"rendered":"<p>Nach Jacques Tatis zweiten Spielfilm Die Ferien des Monsieur Hulot aus dem Jahr 1953 habe ich mir jetzt auch seinen ersten von ihm selbst geschriebenen und inszenierten Langfilm Jour de f\u00eate (Tatis Sch\u00fctzenfest &#8211; 1947 gedreht, 1949 erschienen) angeguckt, der mit drei weiteren Filmen zum Jahreswechsel auf arte gezeigt wurde. Fran\u00e7ois (Jacques Tati), der linkische &hellip; <a href=\"https:\/\/willizblog.de\/?p=9538\" class=\"more-link\"><span class=\"screen-reader-text\">Jacques Tati: Sch\u00fctzenfest (1949)<\/span> weiterlesen <span class=\"meta-nav\">&rarr;<\/span><\/a><\/p>\n","protected":false},"author":1,"featured_media":0,"comment_status":"open","ping_status":"open","sticky":false,"template":"","format":"standard","meta":[],"categories":[13],"tags":[],"_links":{"self":[{"href":"https:\/\/willizblog.de\/index.php?rest_route=\/wp\/v2\/posts\/9538"}],"collection":[{"href":"https:\/\/willizblog.de\/index.php?rest_route=\/wp\/v2\/posts"}],"about":[{"href":"https:\/\/willizblog.de\/index.php?rest_route=\/wp\/v2\/types\/post"}],"author":[{"embeddable":true,"href":"https:\/\/willizblog.de\/index.php?rest_route=\/wp\/v2\/users\/1"}],"replies":[{"embeddable":true,"href":"https:\/\/willizblog.de\/index.php?rest_route=%2Fwp%2Fv2%2Fcomments&post=9538"}],"version-history":[{"count":0,"href":"https:\/\/willizblog.de\/index.php?rest_route=\/wp\/v2\/posts\/9538\/revisions"}],"wp:attachment":[{"href":"https:\/\/willizblog.de\/index.php?rest_route=%2Fwp%2Fv2%2Fmedia&parent=9538"}],"wp:term":[{"taxonomy":"category","embeddable":true,"href":"https:\/\/willizblog.de\/index.php?rest_route=%2Fwp%2Fv2%2Fcategories&post=9538"},{"taxonomy":"post_tag","embeddable":true,"href":"https:\/\/willizblog.de\/index.php?rest_route=%2Fwp%2Fv2%2Ftags&post=9538"}],"curies":[{"name":"wp","href":"https:\/\/api.w.org\/{rel}","templated":true}]}}