{"id":954,"date":"2007-09-16T00:03:03","date_gmt":"2007-09-15T22:03:03","guid":{"rendered":"http:\/\/www.albinz.de\/blog\/?p=954"},"modified":"2010-01-11T20:35:49","modified_gmt":"2010-01-11T19:35:49","slug":"hannes-wader-plattdeutsche-lieder","status":"publish","type":"post","link":"https:\/\/willizblog.de\/?p=954","title":{"rendered":"Hannes Wader: Plattdeutsche Lieder"},"content":{"rendered":"<p>Vor vielen Jahren, als ich noch in Bremen lebte, lernte ich dort einen Engl\u00e4nder kennen, der als Soldat nach Deutschland kam, eine Deutsche heiratete und dann hier h\u00e4ngen blieb. Wenn man ihn sprechen h\u00f6rte, h\u00e4tte man meinen k\u00f6nnen, er w\u00e4re ein typischer Norddeutscher. Ja, sogar ein bisschen plattdeutsch konnte er reden. \u00dcberhaupt, so meinte er, k\u00e4me er mit dem Plattdeutschen ganz gut zurecht, weil es viel mehr \u00c4hnlichkeit mit dem Englischen h\u00e4tte.<\/p>\n<p>Auf unserer R\u00fcckreise aus unserem Bayernurlaub dieses Jahr begegnete ich mit meiner Frau im Zug von Garmisch-Partenkirchen nach M\u00fcnchen <a href=\"https:\/\/www.willizblog.de\/?p=926\" target=\"_blank\">Werner, der mit dem Janker und den Dread Locks<\/a>. Wir unterhielten uns wie erw\u00e4hnt angeregt und kamen u.a. auf Hamburg und den S\u00e4nger <a href=\"https:\/\/de.wikipedia.org\/wiki\/Hannes_Wader\" target=\"_blank\">Hannes Wader<\/a> zu sprechen. Und auf Waders Album <a href=\"https:\/\/de.wikipedia.org\/wiki\/Plattdeutsche_Lieder\" target=\"_blank\">\u201ePlattdeutsche Lieder\u201c<\/a>.<\/p>\n<p><img src=\"https:\/\/www.willizblog.de\/albpics\/hannes_wader_plattdeutsche_lieder.jpg\" alt=\"Hannes Wader: Plattdeutsche Lieder (1974)\" \/><\/p>\n<p>In diesen Tagen habe ich mir nun <a href=\"https:\/\/www.amazon.de\/gp\/product\/B0000085AD?ie=UTF8&#038;tag=familiealbin-21&#038;linkCode=as2&#038;camp=1638&#038;creative=6742&#038;creativeASIN=B0000085AD\" target=\"_blank\">Hannes Waders Plattdeutsche Lieder<\/a><img loading=\"lazy\" src=\"https:\/\/www.assoc-amazon.de\/e\/ir?t=familiealbin-21&#038;l=as2&#038;o=3&#038;a=B0000085AD\" width=\"1\" height=\"1\" border=\"0\" alt=\"\" style=\"border:none !important; margin:0px !important;\" \/> besorgt. Es sind viele Lieder, die mich stark an irische oder schottische Folklore erinnern. Aber auch das norddeutsche Element kommt nicht zu kurz. Viele Lieder sind Vertonungen von Gedichten des Dichters und Schriftstellers <a href=\"https:\/\/de.wikipedia.org\/wiki\/Klaus_Groth\" target=\"_blank\">Klaus Groth (1819 \u2013 1899)<\/a>, der als einer der Begr\u00fcnder der neueren niederdeutschen Literatur gilt.<\/p>\n<p><a href=\"https:\/\/de.wikipedia.org\/wiki\/Niederdeutsche_Sprache\" target=\"_blank\">Niederdeutsch<\/a>, oder auch Plattdeutsch bzw. Plattd\u00fc\u00fctsch (wie man auf Platt sagt) ist eine in Norddeutschland verbreitete Mundart, an der die Wirrungen der <a href=\"https:\/\/de.wikipedia.org\/wiki\/Hochdeutsche_Lautverschiebung\" target=\"_blank\">hochdeutschen Lautverschiebung<\/a> ungeschadet vor\u00fcbergezogen sind und die sich dadurch die \u00c4hnlichkeit mit dem Englischen bewahrt hat.<\/p>\n<p>Plattdeutsch wird heute vorwiegend von \u00e4ltere Menschen und in l\u00e4ndlichen Regionen gesprochen. Ab und zu ist es aber auch immer wieder modern, diese Mundart (wenigstens ansatzweise) zu beherrschen. Ich selbst spreche kein Platt, verstehe es aber ganz gut (besonders in geschriebener Form). Daf\u00fcr kann ich ganz gut das sprechen, was man weithin als <a href=\"https:\/\/de.wikipedia.org\/wiki\/Hamburgisch\" target=\"_blank\">Hamburgisch<\/a> bezeichnet, was aber <a href=\"https:\/\/de.wikipedia.org\/wiki\/Missingsch\" target=\"_blank\">Missingsch<\/a> benannt wird (z.B. vom Ohnsorg-Theater bei TV-Sendungen gesprochen \u2013 oder von <a href=\"https:\/\/de.wikipedia.org\/wiki\/Blaub%C3%A4r\" target=\"_blank\">K\u00e4pt\u2019n Blaub\u00e4r<\/a>). Damit habe ich fr\u00fcher immer ganz gut meine S\u00f6hne unterhalten k\u00f6nnen. Besonders mein J\u00fcngster konnte nicht genug davon bekommen (eben viel <a href=\"https:\/\/de.wikipedia.org\/wiki\/Seemannsgarn\" target=\"_blank\">Seemannsgarn<\/a>: <strong>Jo, min Jungs, so geiht dat!<\/strong>).<\/p>\n<p>Anzumerken ist, dass das Plattdeutsche selbst heterogen ist und sich in viele Dialekte aufteilt, die sehr unterschiedlich sind, z.B. je weiter man zur niederl\u00e4ndischen Grenze kommt, desto mehr \u00e4hnelt das Platt dort dem Niederl\u00e4ndischen (in Ostfriesland sagte man mir, dass das Platt dort der Burensprache in S\u00fcdafrika entspricht, was hie\u00dfe, dass das <a href=\"https:\/\/de.wikipedia.org\/wiki\/Afrikaans\" target=\"_blank\">Afrikaans<\/a> eigentlich Platt w\u00e4re).<\/p>\n<p>Dass die plattdeutsche Sprache auch zum Politikum werden kann, beweist folgende <a href=\"http:\/\/www.spd-landtag-nds.de\/web\/content.jsp?lang=de&#038;nodeId=6161\" target=\"_blank\">kleine Anfrage<\/a> an den Landtag in Niedersachsen, die \u00fcbrigens in Plattdeutsch verfasst wurde (Tokunft vun de Plattd\u00fc\u00fctsche Spraak in Hochschool un School in Neddersassen). Ich kann mich erinnern, dass der nieders\u00e4chsische Landtag auch schon Sitzungen in plattdeutscher Sprache abgehalten hat.<\/p>\n<p>Empfehlen m\u00f6chte ich die <a href=\"http:\/\/nds.wikipedia.org\/wiki\/Wikipedia:H%C3%B6%C3%B6ftsiet\" target=\"_blank\">plattd\u00fc\u00fctsche Website von Wikipedia<\/a>, da bekommt man ein wenig das Gef\u00fchl f\u00fcr diese Sprache. Interessant ist nat\u00fcrlich auch das <a href=\"http:\/\/www.plattnet.de\/Start\/\" target=\"_blank\">Plattnet<\/a>. Und hier findet der Interessierte <a href=\"http:\/\/lbs.hh.schule.de\/welcome.phtml?unten=\/faecher\/niederdeutsch\/nachschlagewerke\/index.htm\" target=\"_blank\">Nachschlagewerke f\u00fcr das Niederdeutsche<\/a> (z.B. ein <a href=\"http:\/\/www.hamburger-schnacker.de\/\" target=\"_blank\">W\u00f6rterbuch deutsch-niederdeutsch<\/a>).<\/p>\n<p>Nun aber zu Wader und seinen plattdeutschen Liedern: Es fiel mir nicht leicht, aus diesem bunten Strau\u00df bet\u00f6render Lieder eines herauszusuchen. \u201eDat du min leefste b\u00fcst\u201c\u201c finde ich sehr sch\u00f6n (\u201eDas Du meine Liebste bist\u201c). Aber ich habe mich f\u00fcr \u201emeinen Johann\u201c entschieden (nicht nur, weil mein \u00e4ltester Sohn Jan hei\u00dft, oder Wader mit Vornamen Hannes, beides sind Abwandlungen des Namen Johann). Ungelogen: Beide Lieder treiben mir die Tr\u00e4nen in die Augen &#8230; Und \u201eMin Jehann\u201c ist ein trauriges Lied, traurig-sch\u00f6n. Klaus Groth erinnert sich darin an seinen verstorbenen Bruder:<\/p>\n<p><strong>Klaus Groth: Min Jehann<\/strong><\/p>\n<p><em>Ik wull, wi weern noch kleen, Jehann,<br \/>\nDo weer de Welt so grot!<br \/>\nWi seten op den Steen, Jehann,<br \/>\nWeest noch? bi Nawers Sot.<br \/>\nAn Heben seil de stille Maan,<br \/>\nWi segen, wa he leep,<br \/>\nUn snacken, wa de Himmel hoch<br \/>\nUn wa de Sot wul deep.<\/em><\/p>\n<p><em>Weest noch, wa still dat weer, Jehann?<br \/>\nDar r\u00f6hr keen Blatt an Bom.<br \/>\nSo is dat nu ni mehr, Jehann,<br \/>\nAs h\u00f6chstens noch in Drom.<br \/>\nOch ne, wenn do de Scheper sung<br \/>\nAlleen, int wide Feld:<br \/>\nNi wahr, Jehann? dat weer en Ton!<br \/>\nDe eenzige op de Welt.<\/em><\/p>\n<p><em>Mit\u00fcnner inne Schummerntid<br \/>\nDenn ward mi so to Mod.<br \/>\nDenn l\u00f6ppt mi&#8217;t langs den R\u00fcgg so hitt,<br \/>\nAs domals bi den Sot.<br \/>\nDenn dreih ik mi so hasti um,<br \/>\nAs weer ik nich alleen:<br \/>\nDoch allens, wat ik finn, Jehann,<br \/>\nDat is &#8211; ik sta un ween.<\/em><\/p>\n<p>(<a href=\"http:\/\/www.lowlands-l.net\/groth\/jehann.php\" target=\"_blank\">hierzu eine Seite<\/a> \u201emit ingelsch \u00d6versetten un hoogd\u00fc\u00fctsche Glossaren\u201c, verstanden?!)<\/p>\n<p><object classid=\"clsid:22D6F312-B0F6-11D0-94AB-0080C74C7E95\" id=\"MediaPlayer1\" width=\"286\" height=\"42\"><param name=\"AudioStream\" value=\"-1\"><param name=\"AutoSize\" value=\"-1\"><param name=\"AutoStart\" value=\"0\"><param name=\"AnimationAtStart\" value=\"-1\"><param name=\"AllowScan\" value=\"-1\"><param name=\"AllowChangeDisplaySize\" value=\"-1\"><param name=\"AutoRewind\" value=\"0\"><param name=\"Balance\" value=\"0\"><param name=\"BaseURL\" value><param name=\"BufferingTime\" value=\"5\"><param name=\"CaptioningID\" value><param name=\"ClickToPlay\" value=\"-1\"><param name=\"CursorType\" value=\"0\"><param name=\"CurrentPosition\" value=\"-1\"><param name=\"CurrentMarker\" value=\"0\"><param name=\"DefaultFrame\" value><param name=\"DisplayBackColor\" value=\"0\"><param name=\"DisplayForeColor\" value=\"16777215\"><param name=\"DisplayMode\" value=\"0\"><param name=\"DisplaySize\" value=\"0\"><param name=\"Enabled\" value=\"-1\"><param name=\"EnableContextMenu\" value=\"-1\"><param name=\"EnablePositionControls\" value=\"-1\"><param name=\"EnableFullScreenControls\" value=\"0\"><param name=\"EnableTracker\" value=\"-1\"><param name=\"Filename\" value=\"https:\/\/www.willizblog.de\/albpics\/hannes_wader_min_jehann.mp3\"><param name=\"InvokeURLs\" value=\"-1\"><param name=\"Language\" value=\"-1\"><param name=\"Mute\" value=\"0\"><param name=\"PlayCount\" value=\"1\"><param name=\"PreviewMode\" value=\"0\"><param name=\"Rate\" value=\"1\"><param name=\"SAMILang\" value><param name=\"SAMIStyle\" value><param name=\"SAMIFileName\" value><param name=\"SelectionStart\" value=\"-1\"><param name=\"SelectionEnd\" value=\"-1\"><param name=\"SendOpenStateChangeEvents\" value=\"-1\"><param name=\"SendWarningEvents\" value=\"-1\"><param name=\"SendErrorEvents\" value=\"-1\"><param name=\"SendKeyboardEvents\" value=\"0\"><param name=\"SendMouseClickEvents\" value=\"0\"><param name=\"SendMouseMoveEvents\" value=\"0\"><param name=\"SendPlayStateChangeEvents\" value=\"-1\"><param name=\"ShowCaptioning\" value=\"0\"><param name=\"ShowControls\" value=\"-1\"><param name=\"ShowAudioControls\" value=\"-1\"><param name=\"ShowDisplay\" value=\"0\"><param name=\"ShowGotoBar\" value=\"0\"><param name=\"ShowPositionControls\" value=\"-1\"><param name=\"ShowStatusBar\" value=\"0\"><param name=\"ShowTracker\" value=\"-1\"><param name=\"TransparentAtStart\" value=\"0\"><param name=\"VideoBorderWidth\" value=\"0\"><param name=\"VideoBorderColor\" value=\"0\"><param name=\"VideoBorder3D\" value=\"0\"><param name=\"Volume\" value=\"0\"><param name=\"WindowlessVideo\" value=\"0\"><embed SRC=\"https:\/\/www.willizblog.de\/albpics\/hannes_wader_min_jehann.mp3\" type=\"audio\/x-wav\" CONSOLE=\"Clip1974\" CONTROLS=\"ImageWindow\" HEIGHT=\"42\" WIDTH=\"286\" AUTOSTART=\"false\"><\/embed><\/object><br \/>\n<strong>Hannes Wader: Min Jehann (aus: Plattdeutsche Lieder \u2013 1974)<\/strong><\/p>\n","protected":false},"excerpt":{"rendered":"<p>Vor vielen Jahren, als ich noch in Bremen lebte, lernte ich dort einen Engl\u00e4nder kennen, der als Soldat nach Deutschland kam, eine Deutsche heiratete und dann hier h\u00e4ngen blieb. Wenn man ihn sprechen h\u00f6rte, h\u00e4tte man meinen k\u00f6nnen, er w\u00e4re ein typischer Norddeutscher. Ja, sogar ein bisschen plattdeutsch konnte er reden. \u00dcberhaupt, so meinte er, &hellip; <a href=\"https:\/\/willizblog.de\/?p=954\" class=\"more-link\"><span class=\"screen-reader-text\">Hannes Wader: Plattdeutsche Lieder<\/span> weiterlesen <span class=\"meta-nav\">&rarr;<\/span><\/a><\/p>\n","protected":false},"author":1,"featured_media":0,"comment_status":"open","ping_status":"closed","sticky":false,"template":"","format":"standard","meta":[],"categories":[5,11,28,20],"tags":[],"_links":{"self":[{"href":"https:\/\/willizblog.de\/index.php?rest_route=\/wp\/v2\/posts\/954"}],"collection":[{"href":"https:\/\/willizblog.de\/index.php?rest_route=\/wp\/v2\/posts"}],"about":[{"href":"https:\/\/willizblog.de\/index.php?rest_route=\/wp\/v2\/types\/post"}],"author":[{"embeddable":true,"href":"https:\/\/willizblog.de\/index.php?rest_route=\/wp\/v2\/users\/1"}],"replies":[{"embeddable":true,"href":"https:\/\/willizblog.de\/index.php?rest_route=%2Fwp%2Fv2%2Fcomments&post=954"}],"version-history":[{"count":0,"href":"https:\/\/willizblog.de\/index.php?rest_route=\/wp\/v2\/posts\/954\/revisions"}],"wp:attachment":[{"href":"https:\/\/willizblog.de\/index.php?rest_route=%2Fwp%2Fv2%2Fmedia&parent=954"}],"wp:term":[{"taxonomy":"category","embeddable":true,"href":"https:\/\/willizblog.de\/index.php?rest_route=%2Fwp%2Fv2%2Fcategories&post=954"},{"taxonomy":"post_tag","embeddable":true,"href":"https:\/\/willizblog.de\/index.php?rest_route=%2Fwp%2Fv2%2Ftags&post=954"}],"curies":[{"name":"wp","href":"https:\/\/api.w.org\/{rel}","templated":true}]}}