{"id":9551,"date":"2016-01-20T13:07:14","date_gmt":"2016-01-20T13:07:14","guid":{"rendered":"http:\/\/willizblog.de\/?p=9551"},"modified":"2016-02-26T08:45:17","modified_gmt":"2016-02-26T08:45:17","slug":"williz-krimi-des-jahres-2015","status":"publish","type":"post","link":"https:\/\/willizblog.de\/?p=9551","title":{"rendered":"WilliZ Krimi des Jahres 2015"},"content":{"rendered":"<p>Ich wei\u00df: Im Fernsehen, besonders bei den \u00d6ffentlich-Rechtlichen, werden fast nur noch Krimis und Heimatfilme gesendet. Mancher Krimi ist dann auch noch eine Art Heimatfilm &#8211; und umgekehrt. Wenn man weder das eine noch das andere mag, wird man wahrscheinlich l\u00e4ngst den Dauerauftrag f\u00fcr den <a href=\"https:\/\/de.wikipedia.org\/wiki\/ARD_ZDF_Deutschlandradio_Beitragsservice\" target=\"_blank\">ARD ZDF Deutschlandradio Beitragsservice<\/a> (fr\u00fcher GEZ genannt) widerrufen haben. Oder man guckt Sport (aber immer die Bayern mag auch selbst der Fu\u00dfballbegeisterte nicht mehr sehen).<\/p>\n<p>Ich mag Krimis. Und Krimis mit einem gewissen Lokalkolorit sind mir auch durchaus recht. Viele fragen sich nat\u00fcrlich, warum man sich das antun muss: Mord und Todschlag ohne Ende. Ich denke, <a href=\"https:\/\/www.willizblog.de\/?p=812\" target=\"_blank\">der Mensch ist eine Bestie<\/a> und in jedem steckt, wenn auch nur verborgen, das Raubtier. Wer hat nicht schon mal gedacht: Den (oder die) bring ich um! F\u00fcrchtete man nicht die Konsequenzen, dann w\u00fcrden viele Leichen die Stra\u00dfen pflastern.<\/p>\n<p>Aber im Ernst: Es ist die psychologische Komponente, die mich an Krimis interessiert. F\u00e4llt die mager aus, dann taugt der Krimi nicht viel. Gemetzel (z.B. \u00e0 la <a href=\"https:\/\/www.willizblog.de\/?p=9517\" target=\"_blank\">Tatort-Schweiger<\/a>) sind nicht mein Ding. Hat ein Krimi dann auch noch eine gewisse Portion Humor, dann finde ich auch das in Ordnung.<\/p>\n<ul><img src=\"http:\/\/www.fernsehlexikon.de\/wp-content\/Tatort_Vorspann.jpg\" alt=\"Tatort \u2013 TV-Reihe der ARD (seit 1970)\" title=\"Tatort \u2013 TV-Reihe der ARD (seit 1970)\" \/><\/ul>\n<p>Nun ist ein Jahr (n\u00e4mlich 2015) wieder vorbei \u2013 und ich habe einmal gesichtet, welche Kriminalfilme mir im letzten Jahr besonders gefallen haben. Da gibt es eine fast un\u00fcbersichtlich gro\u00dfe Anzahl von Serie. An vorderster Front nat\u00fcrlich die ARD mit dem <a target=\"_blank\" rel=\"nofollow\" href=\"https:\/\/www.amazon.de\/gp\/search?ie=UTF8&#038;camp=1638&#038;creative=6742&#038;index=dvd&#038;keywords=Tatort&#038;linkCode=ur2&#038;tag=familiealbin-21\"><strong>Tatort<\/strong><\/a><img loading=\"lazy\" src=\"http:\/\/ir-de.amazon-adsystem.com\/e\/ir?t=familiealbin-21&#038;l=ur2&#038;o=3\" width=\"1\" height=\"1\" border=\"0\" alt=\"\" style=\"border:none !important; margin:0px !important;\" \/>. 2015 hat der Tatort \u00fcbrigens mit 40 Folgen einen neuen eigenen Rekord aufgestellt. So viele Folgen gab es bisher noch nie in einem Jahr. Drei Folgen ragten dabei f\u00fcr mich heraus:<\/p>\n<p><a href=\"http:\/\/www.tittelbach.tv\/programm\/reihe\/artikel-3566.html\" target=\"_blank\">Tatort (937): Das Haus am Ende der Stra\u00dfe<\/a> &#8211; Frankfurt (Steier)<br \/>\n<a href=\"https:\/\/www.willizblog.de\/?p=9483\" target=\"_blank\">Tatort (964): Borowski und die R\u00fcckkehr des stillen Gastes<\/a> \u2013 Kiel (Borowski\/Brandt)<br \/>\n<a href=\"http:\/\/www.tittelbach.tv\/programm\/reihe\/artikel-3947.html\" target=\"_blank\">Tatort (968): Wer bin ich? &#8211; Wiesbaden (Murot)<\/a><\/p>\n<p><iframe loading=\"lazy\" width=\"560\" height=\"315\" src=\"https:\/\/www.youtube.com\/embed\/5PSpEjEubgI\" frameborder=\"0\" allowfullscreen><\/iframe><br \/>\nTatort (937): Das Haus am Ende der Stra\u00dfe<\/p>\n<p><iframe loading=\"lazy\" width=\"560\" height=\"315\" src=\"https:\/\/www.youtube.com\/embed\/5DwITRB4Zkw\" frameborder=\"0\" allowfullscreen><\/iframe><br \/>\nTatort (964): Borowski und die R\u00fcckkehr des stillen Gastes \u2013 Kiel (Borowski\/Brandt)<\/p>\n<p>Die Frankfurter Episode war leider der letzte Fall mit dem Ermittler Steier (hervorragend von Joachim Kr\u00f3l gespielt) und mehr Kammerspiel als Krimi \u2013 auch dank eines geradezu genialen Armin Rohde. Zum \u201astillen Gast\u2018 habe ich ja schon einiges ge\u00e4u\u00dfert. Axel Milberg ist der mir zz. liebste Tatort-Ermittler. Und Murot aka Ulrich Tukur \u2013 da reicht schon die Nennung des Namens Tukur: ein Tatort, der angenehm aus der Reihe f\u00e4llt, soll pl\u00f6tzlich der Schauspieler, der den Kommissar spielt, ein M\u00f6rder sein \u2013 ein Spiel mit Identit\u00e4ten (wie schon der Titel verhei\u00dft).<\/p>\n<p>Was der Tatort f\u00fcr die BRD ist, das war vor der Wende der Polizeiruf 110 f\u00fcr die DDR. Wie gut, dass diese Serie nicht eingestellt wurde und jetzt auch Ermittler in den alten Bundesl\u00e4ndern auf T\u00e4tersuche gehen wie z.B. <a href=\"https:\/\/de.wikipedia.org\/wiki\/Hanns_von_Meuffels\" target=\"_blank\">Kommissar Hanns von Meuffels<\/a> (hervorragend gespielt von <a href=\"https:\/\/de.wikipedia.org\/wiki\/Matthias_Brandt\" target=\"_blank\">Matthias Brandt<\/a>) in M\u00fcnchen. Matthias Brandt ist \u00fcbrigens der j\u00fcngste Sohn des fr\u00fcheren deutschen Bundeskanzlers Willy Brandt und dessen Frau Rut:<\/p>\n<p><a href=\"http:\/\/www.tittelbach.tv\/programm\/reihe\/artikel-3721.html\" target=\"_blank\">Polizeiruf 110 (351): Kreise<\/a><\/p>\n<p>Apropos <a href=\"https:\/\/de.wikipedia.org\/wiki\/Armin_Rohde\" target=\"_blank\">Armin Rohde<\/a>. Er ist nicht immer der B\u00f6se, sondern kann auch auf gut (ohne ein <a href=\"https:\/\/www.willizblog.de\/?p=9533\" target=\"_blank\">Gutmensch<\/a> zu sein) und ermittelt selbst in Hamburg in der ZDF-Reihe Nachtschicht:<\/p>\n<p><a href=\"http:\/\/www.tittelbach.tv\/programm\/reihe\/artikel-3637.html\" target=\"_blank\">Nachtschicht (12): Wir sind alle keine Engel<\/a><\/p>\n<p><iframe loading=\"lazy\" width=\"560\" height=\"315\" src=\"https:\/\/www.youtube.com\/embed\/mQdqiIL8J9A\" frameborder=\"0\" allowfullscreen><\/iframe><br \/>\nNachtschicht (12): Wir sind alle keine Engel<\/p>\n<p>Wie gesagt: Mancher Kriminalfilm ist auch (fast) ein Heimatfilm. So gibt er mehrere Serien, die die Region, in der sie spielen, im Namen tragen:<\/p>\n<p><a href=\"http:\/\/www.tittelbach.tv\/programm\/reihe\/artikel-3904.html\" target=\"_blank\">Spreewald-Krimi (8): Die Sturmnacht<\/a><br \/>\nAlle Folgen zu dieser wirklich sehenswerten Serie gibt es jetzt als <a rel=\"nofollow\" href=\"https:\/\/www.amazon.de\/gp\/product\/B00NA52OAG\/ref=as_li_tl?ie=UTF8&#038;camp=1638&#038;creative=6742&#038;creativeASIN=B00NA52OAG&#038;linkCode=as2&#038;tag=familiealbin-21\"><strong>Spreewaldkrimi &#8211; Komplettbox &#8211; Folge 1-7 [4 DVDs]<\/strong><\/a><img loading=\"lazy\" src=\"http:\/\/ir-de.amazon-adsystem.com\/e\/ir?t=familiealbin-21&#038;l=as2&#038;o=3&#038;a=B00NA52OAG\" width=\"1\" height=\"1\" border=\"0\" alt=\"\" style=\"border:none !important; margin:0px !important;\" \/><\/p>\n<p><iframe loading=\"lazy\" width=\"560\" height=\"315\" src=\"https:\/\/www.youtube.com\/embed\/v3BGBXZg3ZA\" frameborder=\"0\" allowfullscreen><\/iframe><br \/>\nSpreewald-Krimi (8): Die Sturmnacht<\/p>\n<p><a href=\"http:\/\/www.tittelbach.tv\/programm\/reihe\/artikel-3859.html\" target=\"_blank\">Der Usedom-Krimi (2): Schandfleck<\/a><\/p>\n<p><iframe loading=\"lazy\" width=\"560\" height=\"315\" src=\"https:\/\/www.youtube.com\/embed\/IJplPlqgC0A\" frameborder=\"0\" allowfullscreen><\/iframe><br \/>\nDer Usedom-Krimi (2): Schandfleck<\/p>\n<p><a href=\"http:\/\/www.tittelbach.tv\/programm\/reihe\/artikel-3860.html\" target=\"_blank\">Stralsund (7): Es ist nie vorbei<\/a><\/p>\n<p>Weitere sehenswerte Kriminalfilme waren die folgenden, die aus dem Vielerlei an Krimis durch ihre Thematik oder Machart herausragten:<\/p>\n<p><a href=\"http:\/\/www.tittelbach.tv\/programm\/reihe\/artikel-3536.html\" target=\"_blank\">Begierde &#8211; Mord im Zeichen des Zen<\/a><br \/>\n<a href=\"http:\/\/www.tittelbach.tv\/programm\/fernsehfilm\/artikel-3861.html\" target=\"_blank\">Das Dorf der M\u00f6rder<\/a><br \/>\n<a href=\"http:\/\/www.tittelbach.tv\/programm\/fernsehfilm\/artikel-3594.html\" target=\"_blank\">Die kalte Wahrheit<\/a><\/p>\n<p><iframe loading=\"lazy\" width=\"560\" height=\"315\" src=\"https:\/\/www.youtube.com\/embed\/PliMluYoNW4\" frameborder=\"0\" allowfullscreen><\/iframe><br \/>\nDie kalte Wahrheit<\/p>\n<p>Kritiken zu all den im Fernsehen gesendeten Kriminalfilmen gibt es viele. Ein gutes N\u00e4schen f\u00fcr Fernsehproduktion haben die Kritiker von <a href=\"http:\/\/www.tittelbach.tv\/\" target=\"_blank\">tittelbach.tv \u2013 der Fernsehfilm-Beobachter<\/a> (daher auch fast durchweg die Links zu den Filmen auf diese Website f\u00fchren). Und so findet sich hier auch eine Kritik zu einem TV-Film, den ich gewisserma\u00dfen als die Nummer eins der 2015 gesendeten Krimis erw\u00e4hlt habe (okay, die Erstsendung war ein Jahr zuvor, 2014 \u2013 aber hier darf es auch einmal eine 2015 wiederholte Ausstrahlung sein):<\/p>\n<p><a href=\"http:\/\/www.tittelbach.tv\/programm\/reihe\/artikel-3431.html\" target=\"_blank\"><strong>M\u00fcnchen Mord (2): Die H\u00f6lle bin ich<\/strong><\/a><\/p>\n<p><iframe style=\"width:120px;height:240px;\" marginwidth=\"0\" marginheight=\"0\" scrolling=\"no\" frameborder=\"0\" src=\"\/\/ws-eu.amazon-adsystem.com\/widgets\/q?ServiceVersion=20070822&#038;OneJS=1&#038;Operation=GetAdHtml&#038;MarketPlace=DE&#038;source=ac&#038;ref=tf_til&#038;ad_type=product_link&#038;tracking_id=familiealbin-21&#038;marketplace=amazon&#038;region=DE&#038;placement=B00OKJQY8O&#038;asins=B00OKJQY8O&#038;linkId=&#038;show_border=true&#038;link_opens_in_new_window=true\"><br \/>\n<\/iframe><\/p>\n<p>In der 2. Folge der ZDF-Reihe M\u00fcnchen Mord tauchen wir als Zuschauer <em>\u201ein das andere M\u00fcnchen der neureichen Gl\u00fccksritter<\/em> [ein]. <em>Ein rachs\u00fcchtiger Krimineller \u00fcbernimmt die Arbeit der Polizei. Die Charaktere machen ihrem bisherigen Image als Kommissarin ohne Selbstvertrauen, als Casanova-Cop und als \u201ePsycho\u201c alle Ehre.\u201c<\/em> Es ist ein Krimi mit viel Witz und ebenso viel Spannung, wobei das mir liebe Psychologische keineswegs auf der Strecke liegen bleibt. Das mag ich.<\/p>\n<p><iframe loading=\"lazy\" width=\"560\" height=\"315\" src=\"https:\/\/www.youtube.com\/embed\/kkXiteFH3A0\" frameborder=\"0\" allowfullscreen><\/iframe><br \/>\nM\u00fcnchen Mord (2): Die H\u00f6lle bin ich<\/p>\n<p>Also viel Holz f\u00fcr mehrere lange Wintern\u00e4chte. Wer denn mag: Viel Spannung und Spa\u00df beim Gucken!<\/p>\n<p>siehe auch: <a href=\"https:\/\/www.willizblog.de\/?p=9279\" target=\"_blank\">Williz Tatort-Sammlung<\/a><\/p>\n","protected":false},"excerpt":{"rendered":"<p>Ich wei\u00df: Im Fernsehen, besonders bei den \u00d6ffentlich-Rechtlichen, werden fast nur noch Krimis und Heimatfilme gesendet. Mancher Krimi ist dann auch noch eine Art Heimatfilm &#8211; und umgekehrt. Wenn man weder das eine noch das andere mag, wird man wahrscheinlich l\u00e4ngst den Dauerauftrag f\u00fcr den ARD ZDF Deutschlandradio Beitragsservice (fr\u00fcher GEZ genannt) widerrufen haben. Oder &hellip; <a href=\"https:\/\/willizblog.de\/?p=9551\" class=\"more-link\"><span class=\"screen-reader-text\">WilliZ Krimi des Jahres 2015<\/span> weiterlesen <span class=\"meta-nav\">&rarr;<\/span><\/a><\/p>\n","protected":false},"author":1,"featured_media":0,"comment_status":"open","ping_status":"open","sticky":false,"template":"","format":"standard","meta":[],"categories":[441],"tags":[],"_links":{"self":[{"href":"https:\/\/willizblog.de\/index.php?rest_route=\/wp\/v2\/posts\/9551"}],"collection":[{"href":"https:\/\/willizblog.de\/index.php?rest_route=\/wp\/v2\/posts"}],"about":[{"href":"https:\/\/willizblog.de\/index.php?rest_route=\/wp\/v2\/types\/post"}],"author":[{"embeddable":true,"href":"https:\/\/willizblog.de\/index.php?rest_route=\/wp\/v2\/users\/1"}],"replies":[{"embeddable":true,"href":"https:\/\/willizblog.de\/index.php?rest_route=%2Fwp%2Fv2%2Fcomments&post=9551"}],"version-history":[{"count":0,"href":"https:\/\/willizblog.de\/index.php?rest_route=\/wp\/v2\/posts\/9551\/revisions"}],"wp:attachment":[{"href":"https:\/\/willizblog.de\/index.php?rest_route=%2Fwp%2Fv2%2Fmedia&parent=9551"}],"wp:term":[{"taxonomy":"category","embeddable":true,"href":"https:\/\/willizblog.de\/index.php?rest_route=%2Fwp%2Fv2%2Fcategories&post=9551"},{"taxonomy":"post_tag","embeddable":true,"href":"https:\/\/willizblog.de\/index.php?rest_route=%2Fwp%2Fv2%2Ftags&post=9551"}],"curies":[{"name":"wp","href":"https:\/\/api.w.org\/{rel}","templated":true}]}}