{"id":9557,"date":"2016-01-25T10:13:25","date_gmt":"2016-01-25T10:13:25","guid":{"rendered":"http:\/\/willizblog.de\/?p=9557"},"modified":"2016-01-25T10:13:25","modified_gmt":"2016-01-25T10:13:25","slug":"es-geht-doch","status":"publish","type":"post","link":"https:\/\/willizblog.de\/?p=9557","title":{"rendered":"Es geht doch!"},"content":{"rendered":"<p>Den Start in die R\u00fcckrunde der Fu\u00dfball-Bundesliga hat sich der SV Werder Bremen auf Schalke sicherlich zun\u00e4chst anders vorgestellt. Schon in der 4. Minuten kassierte man nach einem Eckball ein Tor. Und nach einer viertel Stunde h\u00e4tten die Gelsenkirchener den Sack bereits zu machen k\u00f6nnen.<\/p>\n<p><img src=\"https:\/\/www.willizblog.de\/images\/werder1516_st18_sieg_auf_schalke.jpg\" alt=\"Jannik Vestergaard umarmt Clemens Fritz: Schalke 04 \u2013 Werder Bremen 1:3\" title=\"Jannik Vestergaard umarmt Clemens Fritz: Schalke 04 \u2013 Werder Bremen 1:3\" \/><\/p>\n<p>Dann kam aber die Stunde von Werder-Kapit\u00e4n <a href=\"https:\/\/de.wikipedia.org\/wiki\/Clemens_Fritz\" target=\"_blank\">Clemens Fritz<\/a> (35 Jahre alt), der noch vor Verabreichung des Pausentees mit einer sch\u00f6nen Einzelaktion in seinem <em>300. Bundesligaspiel<\/em> den Ausgleichtreffer erzielte. Und in der 2. Halbzeit ging es erfolgreich mit ihm weiter: mit zwei wundervollen Vorlagen bedient er erst <a href=\"https:\/\/de.wikipedia.org\/wiki\/Claudio_Pizarro\" target=\"_blank\">Claudio Pizarro<\/a> (37 Jahre alt), dann <a href=\"https:\/\/de.wikipedia.org\/wiki\/Anthony_Ujah\" target=\"_blank\">Anthony Ujah<\/a> (25 Jahre jung), die sich bei ihm mit ihren Toren bedankten. Werder siegte auf Schalke mit 1:3. Es geht doch!<\/p>\n<p>Trotz des Sieges bleibt Werder auf dem 16., den Relegationsplatz \u2013 immerhin aber auf Tuchf\u00fchlung mit Vereinen wie Stuttgart, Frankfurt und Augsburg \u2013 und mit vier Punkten Vorsprung auf Platz 17 und 18.<\/p>\n<p>Am Samstag (30.01.) spielt Werder nun zu Hause gegen Hertha BSC, die \u00fcberraschend auf Platz 3 der Tabelle zu finden ist. Die Berliner gl\u00e4nzten zuletzt durch eine starke Abwehr und mit hoher Effektivit\u00e4t nach vorn. Man kann nur hoffen, dass Werder den Schwung aus Gelsenkirchen mit ins Weserstadion bringt, denn die Ausbeute aus Heimspielen ist bisher in der laufenden Saison \u00e4u\u00dferst mager (lediglich ein Sieg und ein Unentschieden bei sechs Niederlagen). Werder muss endlich seine Heimschw\u00e4che \u00fcberwinden.<\/p>\n<p><em>Kleines Kuriosum am Rande:<\/em> <a href=\"https:\/\/de.wikipedia.org\/wiki\/Assani_Lukimya\" target=\"_blank\">Assani Lukimya<\/a> (29), Innenverteidiger der Bremer, hat seinen Vertrag \u00fcberraschend mit Werder aufgel\u00f6st, um zum Liaoning FC in China zu wechseln. F\u00fcr ihn wurde <a href=\"https:\/\/de.wikipedia.org\/wiki\/Papy_Djilobodji\" target=\"_blank\">Papy Djilobodji<\/a> vom FC Chelsea ausgeliehen, der gegen Schalke bereits in der Startelf deb\u00fctierte und ein ordentliches Spiel machte. Allerdings hat Lukimya bis gestern Nachmittag seinen Vertrag noch nicht unterschrieben. Der Wechsel gilt damit nicht als vollzogen. Man darf gespannt sein, denn immerhin soll Lukimya zwei Millionen Euro Abl\u00f6se bringen, Geld, das Werder gut gebrauchen kann.<\/p>\n<p><em>Und was sonst noch so aufgefallen ist:<\/em> Im Spiel Hannover 96 \u2013 Darmstadt 98 (1:2) sind alle Tore durch ehemalige Werderspieler gefallen (Hugo Almeida und Sandro Wagner). Sandro Wagner konnte damals bei Werder nicht landen. \u00c4hnliches gilt f\u00fcr Niels Petersen (SC Freiburg), der zz. mit 15 Treffern die Torj\u00e4gerliste der 2. Liga anf\u00fchrt. Lennart Thy (zz. 6 Tore) wird im Sommer vom FC St. Pauli zu Werder zur\u00fcckkehren.<\/p>\n","protected":false},"excerpt":{"rendered":"<p>Den Start in die R\u00fcckrunde der Fu\u00dfball-Bundesliga hat sich der SV Werder Bremen auf Schalke sicherlich zun\u00e4chst anders vorgestellt. Schon in der 4. Minuten kassierte man nach einem Eckball ein Tor. Und nach einer viertel Stunde h\u00e4tten die Gelsenkirchener den Sack bereits zu machen k\u00f6nnen. Dann kam aber die Stunde von Werder-Kapit\u00e4n Clemens Fritz (35 &hellip; <a href=\"https:\/\/willizblog.de\/?p=9557\" class=\"more-link\"><span class=\"screen-reader-text\">Es geht doch!<\/span> weiterlesen <span class=\"meta-nav\">&rarr;<\/span><\/a><\/p>\n","protected":false},"author":1,"featured_media":0,"comment_status":"open","ping_status":"open","sticky":false,"template":"","format":"standard","meta":[],"categories":[27],"tags":[],"_links":{"self":[{"href":"https:\/\/willizblog.de\/index.php?rest_route=\/wp\/v2\/posts\/9557"}],"collection":[{"href":"https:\/\/willizblog.de\/index.php?rest_route=\/wp\/v2\/posts"}],"about":[{"href":"https:\/\/willizblog.de\/index.php?rest_route=\/wp\/v2\/types\/post"}],"author":[{"embeddable":true,"href":"https:\/\/willizblog.de\/index.php?rest_route=\/wp\/v2\/users\/1"}],"replies":[{"embeddable":true,"href":"https:\/\/willizblog.de\/index.php?rest_route=%2Fwp%2Fv2%2Fcomments&post=9557"}],"version-history":[{"count":0,"href":"https:\/\/willizblog.de\/index.php?rest_route=\/wp\/v2\/posts\/9557\/revisions"}],"wp:attachment":[{"href":"https:\/\/willizblog.de\/index.php?rest_route=%2Fwp%2Fv2%2Fmedia&parent=9557"}],"wp:term":[{"taxonomy":"category","embeddable":true,"href":"https:\/\/willizblog.de\/index.php?rest_route=%2Fwp%2Fv2%2Fcategories&post=9557"},{"taxonomy":"post_tag","embeddable":true,"href":"https:\/\/willizblog.de\/index.php?rest_route=%2Fwp%2Fv2%2Ftags&post=9557"}],"curies":[{"name":"wp","href":"https:\/\/api.w.org\/{rel}","templated":true}]}}