{"id":956,"date":"2007-09-18T00:05:25","date_gmt":"2007-09-17T22:05:25","guid":{"rendered":"http:\/\/www.albinz.de\/blog\/?p=956"},"modified":"2017-10-18T10:29:27","modified_gmt":"2017-10-18T10:29:27","slug":"30-jahre-deutscher-herbst","status":"publish","type":"post","link":"https:\/\/willizblog.de\/?p=956","title":{"rendered":"30 Jahre &#8222;Deutscher Herbst&#8220;"},"content":{"rendered":"<p><em>Am 5. September 1977 entf\u00fchrte die RAF Arbeitgeberpr\u00e4sident Hanns Martin Schleyer. Es war der Auftakt zu 45 Tagen Terror in Deutschland, dem &#8222;Deutschen Herbst&#8220;.<\/em><\/p>\n<p><em>Im Februar war Brigitte Mohnhaupt, die 1972 verhaftet wurde, frei gekommen und bildete seitdem die Spitze der 2. Generation der Roten Armee Fraktion. Deren Ziel war es, die F\u00fchrung der 1. Generation, Andreas Baader, Gudrun Ensslin und Jan-Carl Raspe freizupressen. Ulrike Meinhof hatte bereits 1976 Selbstmord begangen.<\/em><\/p>\n<p><img src=\"https:\/\/www.willizblog.de\/albpics\/raf.jpg\" alt=\"Die RAF\" \/><\/p>\n<p><em>Vor der Entf\u00fchrung Schleyers war Generalbundesanwalt Buback und der Vorstandssprecher der Dresdner Bank, Ponto, ermordet worden.<\/em><\/p>\n<p><em>Am 13. Oktober wurde die Lufthansa-Maschine \u201eLandshut\u201c entf\u00fchrt. In Mogadischu wurden alle Passagiere durch den Einsatz der Antiterroreinheit GSG9 befreit. Der Chefpilot war bereits zuvor ermordet worden.<\/em><\/p>\n<p><em>Als die Radionachrichten die \u201eLandshut\u201c-Befreiung melden, beginnt die Todesnacht von Stammheim. Andreas Baader schie\u00dft sich in den Nacken. Gudrun Ensslin erh\u00e4ngt sich an ihrem Zellenfenster. Jan-Carl Raspe setzt sich eine Pistole an die Schl\u00e4fe und dr\u00fcckt ab. Den H\u00e4ftlingen ist es gelungen, sich Waffen ins Gef\u00e4ngnis schmuggeln zu lassen.<\/em><\/p>\n<p><em>Nach dem Tod der Gefangenen erschie\u00dft die RAF Arbeitgeberpr\u00e4sident Schleyer.<\/em><\/p>\n<p>Das erste deutsche Fernsehen (ARD) strahlte am 9. und 10. September [2007] eine <em>zweiteilige Dokumentation von Stefan Aust und Helmar B\u00fcchel<\/em> (Buch und Regie) \u00fcber die rote Armee Fraktion (RAF) aus, die in detaillierter Form die (Vor-)Geschichte der RAF bis zum Herbst 1977 beschreibt. Dabei wird auch Material aus bisher verschlossenen Archiven gezeigt.<\/p>\n<p>Es ist schon bemerkenswert, wie eine kleine Anzahl von jungen Frauen und M\u00e4nnern ein ganzes Land \u00fcber Jahre in Aufruhr halten kann. Der Terror der RAF ist dabei aber nicht mit dem heutigen Terrorismus zu vergleichen. Die Anschl\u00e4ge der RAF richteten sich in erster Linie gegen die Repr\u00e4sentanten eines Systems, das sie zu bek\u00e4mpfen trachteten. Der heutige Terror macht dagegen selbst vor einfachen B\u00fcrgern keinen Halt.<\/p>\n<p>siehe auch meine Beitr\u00e4ge: <a href=\"https:\/\/www.willizblog.de\/?p=143\" target=\"_blank\">Georg Heinzen &#8211; Uwe Koch: Von der Nutzlosigkeit, erwachsen zu werden<\/a> <strong>und<\/strong> <a href=\"https:\/\/www.willizblog.de\/?p=755\" target=\"_blank\">Ex-RAF-Terroristin Brigitte Mohnhaupt bald auf freiem Fu\u00df<\/a><\/p>\n<p><strong>Literaturtipps:<\/strong><\/p>\n<p>Der Autor Friedrich Christian Delius hatte sich in seiner <a target=\"_blank\" href=\"https:\/\/www.amazon.de\/gp\/product\/3499221632\/ref=as_li_tl?ie=UTF8&#038;camp=1638&#038;creative=6742&#038;creativeASIN=3499221632&#038;linkCode=as2&#038;tag=familiealbin-21&#038;linkId=70e9a9be9cc3d258d5d225783c4b7e57\"><strong>Romantrilogie \u201eDeutscher Herbst\u201c<\/strong><\/a><img loading=\"lazy\" src=\"\/\/ir-de.amazon-adsystem.com\/e\/ir?t=familiealbin-21&#038;l=am2&#038;o=3&#038;a=3499221632\" width=\"1\" height=\"1\" border=\"0\" alt=\"\" style=\"border:none !important; margin:0px !important;\" \/> (Ein Held der inneren Sicherheit &#8211; Mogadischu Fensterplatz &#8211; Himmelfahrt eines Staatsfeindes) mit dem Geschehen des deutschen Herbstes besch\u00e4ftigt. Das Ergebnis liest sich trotz alles Fiktion sehr real:<\/p>\n<p>Deutscher Herbst 1977: Ein Karrierist ist vollkommen verunsichert, als sein Chef gekidnappt wird; eine Frau erlebt die spektakul\u00e4re Entf\u00fchrung der Lufthansa-Maschine \u201eLandshut\u201c; das Begr\u00e4bnis dreier Staatsfeinde wird wie ein Volksfest gefeiert.<\/p>\n<p><em>Im Bem\u00fchen, als antiimperialistische Kampfgruppe zu handeln, konnte er einige Fachleute anwerben, die gr\u00f6\u00dfere Sprengk\u00f6rper bauten. Und als die Truppen der USA, nachdem sie in wenigen Wochen \u00fcber dem kleinen Land mehr Bomben abgeworfen hatten als im Zweiten Weltkrieg \u00fcber Deutschland und Japan zusammen, die Bombardements auf Wohngebiete noch einmal versch\u00e4rften, H\u00e4fen verminten und kein lebendiges Ziel schonten, entschlo\u00df sich seine Truppe zum Widerstand.<\/em><\/p>\n<p><em>Es gelang ihr, Sprengk\u00f6rper in zwei Casinos der US-Army zur Explosion zu bringen. Vier Soldaten wurden get\u00f6tet, achtzehn verletzt. Ein Geb\u00e4ude mit der Computeranlage, die auch Eins\u00e4tze und Nachschuboperationen f\u00fcr den fernen Krieg regulierte, wurde besch\u00e4digt.<\/em><\/p>\n<p><em>In kurzen Abst\u00e4nden folgten weitere Anschl\u00e4ge, bei denen eher durch Gl\u00fcck nur Verletzte zu beklagen waren. Doch nun wurden alle, aber auch alle Polizisten des Landes aufgeboten, an allen Ecken Sperren errichtet, die Bev\u00f6lkerung zu allerh\u00f6chster Aufmerksamkeit angespornt. Der Idealismus der Armee, die von den Menschen Verst\u00e4ndnis f\u00fcr die Attentate gegen die fernen Verbrechen und damit auch Werbung f\u00fcr sich selbst erwartete, wurde aufs gr\u00fcndlichste widerlegt. Sie hatte endlich das ganze Land in Aufruhr gebracht \u2013 jedoch gegen sich. Nur wenige Tage dauerte es, bis fast alle wichtigen Leute der Armee aufgesp\u00fcrt und verhaftet waren, darunter \u2026 und \u2026, der, durch einen gezielten Schu\u00df in den Oberschenkel kampfunf\u00e4hig gemacht, seinen so erstaunten wie gl\u00fccklichen H\u00e4schern \u00fcbergeben werden konnte.<\/em><\/p>\n<p>Aus: Delius, Friedrich Christian: Deutscher Herbst: Himmelfahrt eines Staatsfeindes<\/p>\n","protected":false},"excerpt":{"rendered":"<p>Am 5. September 1977 entf\u00fchrte die RAF Arbeitgeberpr\u00e4sident Hanns Martin Schleyer. Es war der Auftakt zu 45 Tagen Terror in Deutschland, dem &#8222;Deutschen Herbst&#8220;. Im Februar war Brigitte Mohnhaupt, die 1972 verhaftet wurde, frei gekommen und bildete seitdem die Spitze der 2. Generation der Roten Armee Fraktion. Deren Ziel war es, die F\u00fchrung der 1. &hellip; <a href=\"https:\/\/willizblog.de\/?p=956\" class=\"more-link\"><span class=\"screen-reader-text\">30 Jahre &#8222;Deutscher Herbst&#8220;<\/span> weiterlesen <span class=\"meta-nav\">&rarr;<\/span><\/a><\/p>\n","protected":false},"author":1,"featured_media":0,"comment_status":"open","ping_status":"closed","sticky":false,"template":"","format":"standard","meta":[],"categories":[13,12,14],"tags":[],"_links":{"self":[{"href":"https:\/\/willizblog.de\/index.php?rest_route=\/wp\/v2\/posts\/956"}],"collection":[{"href":"https:\/\/willizblog.de\/index.php?rest_route=\/wp\/v2\/posts"}],"about":[{"href":"https:\/\/willizblog.de\/index.php?rest_route=\/wp\/v2\/types\/post"}],"author":[{"embeddable":true,"href":"https:\/\/willizblog.de\/index.php?rest_route=\/wp\/v2\/users\/1"}],"replies":[{"embeddable":true,"href":"https:\/\/willizblog.de\/index.php?rest_route=%2Fwp%2Fv2%2Fcomments&post=956"}],"version-history":[{"count":0,"href":"https:\/\/willizblog.de\/index.php?rest_route=\/wp\/v2\/posts\/956\/revisions"}],"wp:attachment":[{"href":"https:\/\/willizblog.de\/index.php?rest_route=%2Fwp%2Fv2%2Fmedia&parent=956"}],"wp:term":[{"taxonomy":"category","embeddable":true,"href":"https:\/\/willizblog.de\/index.php?rest_route=%2Fwp%2Fv2%2Fcategories&post=956"},{"taxonomy":"post_tag","embeddable":true,"href":"https:\/\/willizblog.de\/index.php?rest_route=%2Fwp%2Fv2%2Ftags&post=956"}],"curies":[{"name":"wp","href":"https:\/\/api.w.org\/{rel}","templated":true}]}}