{"id":9601,"date":"2016-02-26T09:29:10","date_gmt":"2016-02-26T09:29:10","guid":{"rendered":"http:\/\/willizblog.de\/?p=9601"},"modified":"2016-02-26T09:32:28","modified_gmt":"2016-02-26T09:32:28","slug":"alleingang-2012-film-mit-armin-rohde-und-alexander-held","status":"publish","type":"post","link":"https:\/\/willizblog.de\/?p=9601","title":{"rendered":"Alleingang (2012) \u2013 Film mit Armin Rohde und Alexander Held"},"content":{"rendered":"<p><em>W\u00e4hrend einer Therapie-Sitzung wird Polizeikommissar Zuckmaier zu einem Einsatz gerufen. Mattock, ein entlaufener Str\u00e4fling, hat ein Stellwerk \u00fcberfallen und Geiseln genommen. Er verlangt die Bereitstellung eines Zuges &#8211; und das Erscheinen des ehemaligen Polizeiduos Zuckmaier und Sch\u00fcbel. Zuckmaier war es, der Mattock vor einiger Zeit hinter Gitter gebracht hatte, und er ist wenig erfreut, auf seinen Ex-Kollegen Sch\u00fcbel zu treffen. Seinetwegen hat ihn seine Frau Sonja vor zwei Jahren verlassen.<\/em><br \/>\n(Quelle: <a href=\"http:\/\/programm.ard.de\/TV\/daserste\/alleingang\/eid_281067326450383\" target=\"_blank\">ard.de<\/a>)<\/p>\n<p><img src=\"http:\/\/image.tittelbach.tv\/article\/1783-4eff2ac40d585-thu.jpg\" alt=\"Armin Rohde und Alexander Held - Foto. BR \/ Bernd Schuller\" title=\"Armin Rohde und Alexander Held - Foto. BR \/ Bernd Schuller\" \/><\/p>\n<p><a href=\"https:\/\/de.wikipedia.org\/wiki\/Armin_Rohde\" target=\"_blank\">Armin Rohde<\/a> wieder einmal als Berserker. Mit brachialer Gewalt f\u00e4llt er \u00fcber seine Opfer her \u2013 <em>ein Fest der Physis<\/em>, wie <a href=\"http:\/\/www.tittelbach.tv\/programm\/fernsehfilm\/artikel-1783.html\" target=\"_blank\">tittelbach.tv<\/a> so sch\u00f6n schreibt. Eigentlich kennen wir Rohde genauso wie in den Tatort-Folgen <a href=\"https:\/\/willizblog.de\/?p=9130\" target=\"_blank\">Tatort (937) aus Frankfurt: Das Haus am Ende der Stra\u00dfe (2015)<\/a> und <a href=\"https:\/\/willizblog.de\/?p=9130\" target=\"_blank\">Tatort (944) aus K\u00f6ln: Dicker als Wasser (2015)<\/a> zu sehen ist. Nat\u00fcrlich kann er auch anders wie z.B. als Hauptkommissar Erich Bo Erichsen in der Krimi-Serie <a href=\"https:\/\/de.wikipedia.org\/wiki\/Nachtschicht_%28Filmreihe%29\" target=\"_blank\">Nachtschicht<\/a>.<\/p>\n<p><a href=\"https:\/\/de.wikipedia.org\/wiki\/Alexander_Held\" target=\"_blank\">Alexander Held<\/a> haben wir in der noch ziemlichen neuen Krimi-Serie <a href=\"https:\/\/de.wikipedia.org\/wiki\/M%C3%BCnchen_Mord\" target=\"_blank\">M\u00fcnchen Mord<\/a> gesehen, deren zweite Folge <em>\u201aDie H\u00f6lle bin ich\u2018<\/em> bei mir zum <a href=\"https:\/\/willizblog.de\/?p=9551\" target=\"_blank\">Krimi des Jahres 2015<\/a> gew\u00e4hlt wurde. Held spielt dort wie auch in dem TV-Film mit Armin Rohde einen Kommissar.<\/p>\n<p><a href=\"http:\/\/www.ardmediathek.de\/tv\/Filme-im-Ersten\/Alleingang-Video-tgl-ab-20-Uhr\/Das-Erste\/Video?bcastId=1933898&#038;documentId=33655950\" target=\"_blank\"><strong>Alleingang<\/strong> (Video tgl. ab 20 Uhr) &#8211; <strong>Video<\/strong><\/a><br \/>\n23.02.2016 | 89 Min. | UT | Verf\u00fcgbar bis 23.05.2016 | Quelle: Das Erste<\/p>\n<p>\u201eArmin Rohde als \u201aKing\u2018 gibt den Ton an. Eine narzisstisch deformierte Pers\u00f6nlichkeit. Dagegen abgesetzt, leise, zur\u00fcckhaltend, fast dem\u00fctig, mit stoischem Gleichmut, Josef Zuckmaier [Alexander Held], der Liebende und an seiner Liebe Leidende. Der laute, hyperaktive Prolet trifft den Mann, der lieber schweigt. Mit der Zeit, der M\u00fcdigkeit des Aktivpostens Mattock, gewinnt das stille Moment zunehmend an Bedeutung.\u201c \u2013 so <a href=\"http:\/\/www.tittelbach.tv\/programm\/fernsehfilm\/artikel-1783.html\" target=\"_blank\">tittelbach.tv<\/a>.<\/p>\n<p>Rohde und Held sind einfach grandios. Rohde strahlt dabei eine k\u00f6rperliche Pr\u00e4senz aus, die manchen Zuschauer erschauern lassen d\u00fcrfte. Einem solchen Menschen m\u00f6chte man nicht in Wirklichkeit begegnen. Dabei ist der Mensch Rohde durchaus umg\u00e4nglich, als Buddhist ein Menschenfreund. Hier aber l\u00e4sst er die Sau heraus, dass es einen \u00e4ngstigen kann. Held ist der Gegenpol. Seinem Einfluss kann sich auch der Berserker Rohde nicht entziehen. Am Ende \u2026 aber ich will nicht zu viel verraten.<\/p>\n<p>Bei Rohde in dieser Rolle kamen mir gleich die Krakeeler von der Pegida in den Sinn, die oft so stumpfsinnigen Gestalten, die meinen, z.B. bei Facebook ihre unma\u00dfgebliche Meinung herauskotzen zu m\u00fcssen. Wie Rohde alias \u201aKing\u2019 Mattock scheinen sie in einer Parallelwelt zu leben, die ihre eigenen Gesetze hat und die nicht die meine ist.<\/p>\n","protected":false},"excerpt":{"rendered":"<p>W\u00e4hrend einer Therapie-Sitzung wird Polizeikommissar Zuckmaier zu einem Einsatz gerufen. Mattock, ein entlaufener Str\u00e4fling, hat ein Stellwerk \u00fcberfallen und Geiseln genommen. Er verlangt die Bereitstellung eines Zuges &#8211; und das Erscheinen des ehemaligen Polizeiduos Zuckmaier und Sch\u00fcbel. Zuckmaier war es, der Mattock vor einiger Zeit hinter Gitter gebracht hatte, und er ist wenig erfreut, auf &hellip; <a href=\"https:\/\/willizblog.de\/?p=9601\" class=\"more-link\"><span class=\"screen-reader-text\">Alleingang (2012) \u2013 Film mit Armin Rohde und Alexander Held<\/span> weiterlesen <span class=\"meta-nav\">&rarr;<\/span><\/a><\/p>\n","protected":false},"author":1,"featured_media":0,"comment_status":"open","ping_status":"open","sticky":false,"template":"","format":"standard","meta":[],"categories":[13],"tags":[],"_links":{"self":[{"href":"https:\/\/willizblog.de\/index.php?rest_route=\/wp\/v2\/posts\/9601"}],"collection":[{"href":"https:\/\/willizblog.de\/index.php?rest_route=\/wp\/v2\/posts"}],"about":[{"href":"https:\/\/willizblog.de\/index.php?rest_route=\/wp\/v2\/types\/post"}],"author":[{"embeddable":true,"href":"https:\/\/willizblog.de\/index.php?rest_route=\/wp\/v2\/users\/1"}],"replies":[{"embeddable":true,"href":"https:\/\/willizblog.de\/index.php?rest_route=%2Fwp%2Fv2%2Fcomments&post=9601"}],"version-history":[{"count":0,"href":"https:\/\/willizblog.de\/index.php?rest_route=\/wp\/v2\/posts\/9601\/revisions"}],"wp:attachment":[{"href":"https:\/\/willizblog.de\/index.php?rest_route=%2Fwp%2Fv2%2Fmedia&parent=9601"}],"wp:term":[{"taxonomy":"category","embeddable":true,"href":"https:\/\/willizblog.de\/index.php?rest_route=%2Fwp%2Fv2%2Fcategories&post=9601"},{"taxonomy":"post_tag","embeddable":true,"href":"https:\/\/willizblog.de\/index.php?rest_route=%2Fwp%2Fv2%2Ftags&post=9601"}],"curies":[{"name":"wp","href":"https:\/\/api.w.org\/{rel}","templated":true}]}}