{"id":9606,"date":"2016-02-29T09:40:18","date_gmt":"2016-02-29T09:40:18","guid":{"rendered":"http:\/\/willizblog.de\/?p=9606"},"modified":"2016-02-29T09:46:12","modified_gmt":"2016-02-29T09:46:12","slug":"29-februar-2016","status":"publish","type":"post","link":"https:\/\/willizblog.de\/?p=9606","title":{"rendered":"29. Februar 2016"},"content":{"rendered":"<p>Dieses Jahr ist ein arbeitgeberfreundliches Jahr. Auch dank des Schalttags heute (29. Februar). Dadurch verschieben sich alle festen Feiertage, die dem heutigen Tag folgen, um zwei statt um einen Tag gegen\u00fcber dem Vorjahr. Gut der 1. Mai fiele auf einen Samstag und ist jetzt auf einem Sonntag \u2013 und der 3. Oktober f\u00e4llt auf einen Montag (ohne Schalttag fiele er auf einem Sonntag). Aber Weihnachten (24. \u2013 26. Dezember) f\u00e4llt auf Samstag bis Montag. Lediglich ein freier Tag bleibt. Und der Jahreswechsel (Silvester 2016 und Neujahr 2017) wird auf einem Wochenende sein. Hier im hohen Norden verbleiben so gerade einmal sieben zus\u00e4tzlich freie Tage neben den Wochenenden und dem Urlaub (letztes Jahr hatten wir immerhin neun und die zwei Jahre davor sogar 11 Feiertage, die auf Werktage fielen).<\/p>\n<p>2016 ist also ein <a href=\"https:\/\/de.wikipedia.org\/wiki\/Schaltjahr\" target=\"_blank\">Schaltjahr<\/a> und hat mit dem <a href=\"https:\/\/de.wikipedia.org\/wiki\/29._Februar\" target=\"_blank\">29. Februar<\/a> einen zus\u00e4tzlichen Tag, um das Gemeinjahr dem die Jahreszeiten bestimmenden Sonnenjahr (<a href=\"https:\/\/de.wikipedia.org\/wiki\/Tropisches_Jahr\" target=\"_blank\">Tropisches Jahr<\/a>) angeglichen. Im r\u00f6mischen Kalender war der Februarius urspr\u00fcnglich der letzte Monat und deshalb derjenige, dem die Schalttage hinzugef\u00fcgt wurden.<\/p>\n<ul><img src=\"https:\/\/www.willizblog.de\/images\/februar_29_2016.jpg\" alt=\"29. Februar 2016 \u2013 ein Schalttag\" title=\"29. Februar 2016 \u2013 ein Schalttag\" \/><\/ul>\n<p>Schaltjahre gibt es alle vier Jahre und in den Jahren, die ganzzahlig durch 4 teilbar sind, mit Ausnahme der Jahrhunderte, die nicht durch 400 teilbar sind, also 1700, 1800, 1900. Dagegen sind 1600 und 2000 Schaltjahre. Analog werden 2100, 2200, 2300 und 2500 keine, 2400 jedoch sehr wohl ein Schaltjahr sein. Ob ich das noch erleben werde? \ud83d\ude09<\/p>\n<p>\u00dcbrigens wurde <a href=\"https:\/\/de.wikipedia.org\/wiki\/Gioachino_Rossini\" target=\"_blank\">Gioachino Rossini<\/a>, ein bekannter italienischer Opernkomponist, 1792 an einem 29. Februar geboren. Von diesem stammt das Zitat: <em>\u201eIch gebe zu, dreimal in meinem Leben geweint zu haben: als meine erste Oper durchfiel, als ich Paganini die Violine spielen h\u00f6rte und als bei einem Bootspicknick ein getr\u00fcffelter Truthahn \u00fcber Bord fiel.\u201c<br \/>\n<\/em><br \/>\nBeim letzten Anlass h\u00e4tte ich wahrscheinlich auch geweint.<\/p>\n<p>siehe auch <a href=\"https:\/\/willizblog.de\/?p=1116\" target=\"_blank\">29. Februar \u2013 Schalttag<\/a> (2008)<\/p>\n","protected":false},"excerpt":{"rendered":"<p>Dieses Jahr ist ein arbeitgeberfreundliches Jahr. Auch dank des Schalttags heute (29. Februar). Dadurch verschieben sich alle festen Feiertage, die dem heutigen Tag folgen, um zwei statt um einen Tag gegen\u00fcber dem Vorjahr. Gut der 1. Mai fiele auf einen Samstag und ist jetzt auf einem Sonntag \u2013 und der 3. Oktober f\u00e4llt auf einen &hellip; <a href=\"https:\/\/willizblog.de\/?p=9606\" class=\"more-link\"><span class=\"screen-reader-text\">29. Februar 2016<\/span> weiterlesen <span class=\"meta-nav\">&rarr;<\/span><\/a><\/p>\n","protected":false},"author":1,"featured_media":0,"comment_status":"open","ping_status":"open","sticky":false,"template":"","format":"standard","meta":[],"categories":[20],"tags":[],"_links":{"self":[{"href":"https:\/\/willizblog.de\/index.php?rest_route=\/wp\/v2\/posts\/9606"}],"collection":[{"href":"https:\/\/willizblog.de\/index.php?rest_route=\/wp\/v2\/posts"}],"about":[{"href":"https:\/\/willizblog.de\/index.php?rest_route=\/wp\/v2\/types\/post"}],"author":[{"embeddable":true,"href":"https:\/\/willizblog.de\/index.php?rest_route=\/wp\/v2\/users\/1"}],"replies":[{"embeddable":true,"href":"https:\/\/willizblog.de\/index.php?rest_route=%2Fwp%2Fv2%2Fcomments&post=9606"}],"version-history":[{"count":0,"href":"https:\/\/willizblog.de\/index.php?rest_route=\/wp\/v2\/posts\/9606\/revisions"}],"wp:attachment":[{"href":"https:\/\/willizblog.de\/index.php?rest_route=%2Fwp%2Fv2%2Fmedia&parent=9606"}],"wp:term":[{"taxonomy":"category","embeddable":true,"href":"https:\/\/willizblog.de\/index.php?rest_route=%2Fwp%2Fv2%2Fcategories&post=9606"},{"taxonomy":"post_tag","embeddable":true,"href":"https:\/\/willizblog.de\/index.php?rest_route=%2Fwp%2Fv2%2Ftags&post=9606"}],"curies":[{"name":"wp","href":"https:\/\/api.w.org\/{rel}","templated":true}]}}