{"id":9616,"date":"2016-03-10T12:15:14","date_gmt":"2016-03-10T12:15:14","guid":{"rendered":"http:\/\/willizblog.de\/?p=9616"},"modified":"2016-03-10T12:15:14","modified_gmt":"2016-03-10T12:15:14","slug":"kafkas-der-bau-der-film","status":"publish","type":"post","link":"https:\/\/willizblog.de\/?p=9616","title":{"rendered":"Kafkas Der Bau \u2013 der Film"},"content":{"rendered":"<ul><em>\u201eEs mu\u00df ja kein eigentlicher Feind sein, dem ich die Lust errege, mir zu folgen, es kann recht gut irgendeine beliebige kleine Unschuld, irgendein widerliches kleines Wesen sein, welches aus Neugier mir nachgeht und damit, ohne es zu wissen, zur F\u00fchrerin der Welt gegen mich wird, es mu\u00df auch das nicht sein, vielleicht ist es \u2013 und das ist nicht weniger schlimm als das andere, in mancher Hinsicht ist es das schlimmste \u2013 vielleicht ist es jemand von meiner Art, ein Kenner und Sch\u00e4tzer von Bauten \u2026\u201c<\/em><br \/>\nFranz Kafka: Der Bau<\/ul>\n<p>Es gibt mehrere \u201aTier\u2018-Geschichten, die <a href=\"https:\/\/www.willizblog.de\/index.php?s=kafka\" target=\"_blank\">Franz Kafka<\/a> verfasst hat. Die wohl bekannteste Erz\u00e4hlung ist <a href=\"https:\/\/www.willizblog.de\/?p=6666\" target=\"_blank\">Die Verwandlung<\/a>, in der ein gewisser \u201eGregor Samsa eines Morgens aus unruhigen Tr\u00e4umen erwachte, fand er sich in seinem Bett zu einem ungeheueren Ungeziefer verwandelt.\u201c In <a href=\"https:\/\/de.wikipedia.org\/wiki\/Ein_Bericht_f%C3%BCr_eine_Akademie\" target=\"_blank\">Ein Bericht f\u00fcr eine Akademie<\/a> legt der ehemalige Affe namens Rotpeter einer Akademie einen Bericht \u00fcber seine Menschwerdung vor. In den 1980-er Jahren habe ich diese Erz\u00e4hlung als Ein-Personen-Theaterst\u00fcck in Bremen gesehen, wozu es sich bestens eignet. <\/p>\n<p>Weitere Tiergeschichten von Kafka sind u.a. <a href=\"https:\/\/de.wikipedia.org\/wiki\/Josefine,_die_S%C3%A4ngerin_oder_Das_Volk_der_M%C3%A4use\" target=\"_blank\">Josefine, die S\u00e4ngerin oder Das Volk der M\u00e4use<\/a>, <a href=\"https:\/\/de.wikipedia.org\/wiki\/Forschungen_eines_Hundes\" target=\"_blank\">Forschungen eines Hundes<\/a> und <a href=\"https:\/\/de.wikipedia.org\/wiki\/Der_Bau\" target=\"_blank\">Der Bau<\/a>. <a href=\"http:\/\/gutenberg.spiegel.de\/buch\/der-bau-160\/1\" target=\"_blank\">Der Bau<\/a> \u201eschildert den vergeblichen Kampf eines Tieres um die Perfektionierung seines riesigen Erdbaues zum Schutz vor Feinden. Die Erz\u00e4hlung handelt von der Verstrickung in die zwanghafte Beobachtung einer selbstgeschaffenen labyrinthartigen Anlage, die zunehmende Paranoia erzeugt.\u201c<\/p>\n<p>Die Erz\u00e4hlung muss als unvollendet gelten, denn \u201eder letzte Satz, mit dem die Erz\u00e4hlung abbricht, lautet: \u201aAber alles blieb unver\u00e4ndert, das \u2013\u2018. Dieser Satz steht am Schluss einer Seite, was vermuten l\u00e4sst, dass Kafka noch mehr geschrieben und einen Schluss verfasst hat. Um die Erz\u00e4hlung damals jedoch als abgeschlossen ver\u00f6ffentlichen zu k\u00f6nnen, \u00e4nderte <a href=\"https:\/\/de.wikipedia.org\/wiki\/Max_Brod\" target=\"_blank\">Max Brod<\/a> [Freund und sp\u00e4ter Herausgeber der Werke Kafkas] den vermeintlich letzten Satz um in: \u201aAber alles blieb unver\u00e4ndert.\u2018\u201c &#8211; Kafka hat sich \u201ebei seinen Tiergeschichten, insbesondere in der vorliegenden, stark an den Schilderungen aus <a href=\"https:\/\/de.wikipedia.org\/wiki\/Brehms_Tierleben\" target=\"_blank\">Brehms Tierleben<\/a> orientiert, hier diente als Vorlage der Dachs.\u201c<\/p>\n<p>Wie so oft bei Kafka, so l\u00e4sst sich auch diese Erz\u00e4hlung nicht eindeutig interpretieren. \u201eKafka hat 1915 unter dem Kriegseindruck einen f\u00fcr Publikum gestellten Sch\u00fctzengraben mit seiner klaustrophobischen Enge besichtigt und eine Vorstellung vom Grabenkrieg erhalten. Denkbar ist, dass er diese Eindr\u00fccke noch acht Jahre sp\u00e4ter in der Schilderung des beklemmenden unterirdischen Labyrinths verarbeitet hat.\u201c M\u00f6glich w\u00e4re es aber auch, dass Kafka den Bau auf seine damaligen Lebens- und Wohnverh\u00e4ltnisse bezogen hat. Es gibt zudem die Deutung, dass das Ger\u00e4usch gar nicht von au\u00dfen, sondern aus dem Protagonisten selbst kommt und so ein Hinweis auf Kafkas fortschreitende Lungentuberkulose sein k\u00f6nnte.<\/p>\n<p><img src=\"https:\/\/www.willizblog.de\/images\/kafkas_der_bau_axel_prahl.jpg\" alt=\"Axel Prahl als Franz in \u201aKafkas Der Bau\u2018 (2014)\" title=\"Axel Prahl als Franz in \u201aKafkas Der Bau\u2018 (2014)\" \/><\/p>\n<p>Eine etwas andere Interpretation bietet der Kinofilm <a href=\"https:\/\/de.wikipedia.org\/wiki\/Kafkas_Der_Bau\" target=\"_blank\">Kafkas Der Bau<\/a> von <a href=\"https:\/\/de.wikipedia.org\/wiki\/Jochen_Alexander_Freydank\" target=\"_blank\">Jochen Alexander Freydank<\/a> (2009 Oscar in der Kategorie Bester Kurzfilm f\u00fcr <a href=\"https:\/\/de.wikipedia.org\/wiki\/Spielzeugland\" target=\"_blank\">Spielzeugland<\/a>), der auch das Drehbuch schrieb. Der Film erschien 2014 und zeigt <a href=\"https:\/\/de.wikipedia.org\/wiki\/Axel_Prahl\" target=\"_blank\">Axel Prahl<\/a> in der Hauptrolle des Franz.<\/p>\n<p><iframe style=\"width:120px;height:240px;\" marginwidth=\"0\" marginheight=\"0\" scrolling=\"no\" frameborder=\"0\" src=\"\/\/ws-eu.amazon-adsystem.com\/widgets\/q?ServiceVersion=20070822&#038;OneJS=1&#038;Operation=GetAdHtml&#038;MarketPlace=DE&#038;source=ac&#038;ref=tf_til&#038;ad_type=product_link&#038;tracking_id=familiealbin-21&#038;marketplace=amazon&#038;region=DE&#038;placement=B00ZQ8G00A&#038;asins=B00ZQ8G00A&#038;linkId=&#038;show_border=true&#038;link_opens_in_new_window=true\"><br \/>\n<\/iframe><\/p>\n<p><a href=\"http:\/\/www.kafkas-der-bau.de\/\" target=\"_blank\">Der Film<\/a> \u201eerz\u00e4hlt die Geschichte der \u201aVerwandlung\u2018 eines Menschen. Franz lebt in einem festungsartigen Wohnkomplex. Er glaubt, es geschafft zu haben. Aber immer mehr Zweifel kommen auf. Ist er wirklich so autark, wie er hofft? Die Welt um ihn herum ver\u00e4ndert sich. Er selbst ver\u00e4ndert sich. Der Film endet in einer bildgewaltigen postapokalyptischen Welt, in der Franz zwar alles verloren hat, aber auch befreit ist von seinen \u00c4ngsten.\u201c<\/p>\n<p><iframe loading=\"lazy\" width=\"560\" height=\"315\" src=\"https:\/\/www.youtube.com\/embed\/cW-V1-uXqYc\" frameborder=\"0\" allowfullscreen><\/iframe><br \/>\nKafkas Der Bau (2014)<\/p>\n<p>Der Kafka\u2019sche Bau wird hier in dem gro\u00dfen Wohngeb\u00e4ude abgebildet und steht f\u00fcr die Einsamkeit und Verlorenheit des modernen Menschen, die Freydank in k\u00fchlen, klaustrophobischen Bildern darstellt. Der Film bewegt sich dabei zwischen psychologischem Drama und Science-Fiction-Film. Wie in Gedanken rezitiert Franz (Axel Prahl) l\u00e4ngere Ausz\u00fcge aus der Original-Erz\u00e4hlung, was das Befremdliche noch um einiges steigert. Geradezu be\u00e4ngstigend wirkt der schnelle Verfall des Geb\u00e4udes \u2013 und parallel dazu der ganzen Umwelt samt dem Niedergang der Menschen. Vielleicht kann man den \u201aBau\u2018 als wankende Festung Europas interpretieren oder auch als Abbild der scheiternden (Selbst-)\u00dcberwachung. Kafka is watching us?! &#8211; \u00c4hnlich paranoide Zust\u00e4nde wie beim Protagonisten Franz lassen sich sicherlich auch in einem Teil unserer Bev\u00f6lkerung erkennen, die sich um Volk und Land zu sorgen scheinen.<\/p>\n","protected":false},"excerpt":{"rendered":"<p>\u201eEs mu\u00df ja kein eigentlicher Feind sein, dem ich die Lust errege, mir zu folgen, es kann recht gut irgendeine beliebige kleine Unschuld, irgendein widerliches kleines Wesen sein, welches aus Neugier mir nachgeht und damit, ohne es zu wissen, zur F\u00fchrerin der Welt gegen mich wird, es mu\u00df auch das nicht sein, vielleicht ist es &hellip; <a href=\"https:\/\/willizblog.de\/?p=9616\" class=\"more-link\"><span class=\"screen-reader-text\">Kafkas Der Bau \u2013 der Film<\/span> weiterlesen <span class=\"meta-nav\">&rarr;<\/span><\/a><\/p>\n","protected":false},"author":1,"featured_media":0,"comment_status":"open","ping_status":"open","sticky":false,"template":"","format":"standard","meta":[],"categories":[13,14],"tags":[],"_links":{"self":[{"href":"https:\/\/willizblog.de\/index.php?rest_route=\/wp\/v2\/posts\/9616"}],"collection":[{"href":"https:\/\/willizblog.de\/index.php?rest_route=\/wp\/v2\/posts"}],"about":[{"href":"https:\/\/willizblog.de\/index.php?rest_route=\/wp\/v2\/types\/post"}],"author":[{"embeddable":true,"href":"https:\/\/willizblog.de\/index.php?rest_route=\/wp\/v2\/users\/1"}],"replies":[{"embeddable":true,"href":"https:\/\/willizblog.de\/index.php?rest_route=%2Fwp%2Fv2%2Fcomments&post=9616"}],"version-history":[{"count":0,"href":"https:\/\/willizblog.de\/index.php?rest_route=\/wp\/v2\/posts\/9616\/revisions"}],"wp:attachment":[{"href":"https:\/\/willizblog.de\/index.php?rest_route=%2Fwp%2Fv2%2Fmedia&parent=9616"}],"wp:term":[{"taxonomy":"category","embeddable":true,"href":"https:\/\/willizblog.de\/index.php?rest_route=%2Fwp%2Fv2%2Fcategories&post=9616"},{"taxonomy":"post_tag","embeddable":true,"href":"https:\/\/willizblog.de\/index.php?rest_route=%2Fwp%2Fv2%2Ftags&post=9616"}],"curies":[{"name":"wp","href":"https:\/\/api.w.org\/{rel}","templated":true}]}}