{"id":9633,"date":"2016-04-11T12:35:32","date_gmt":"2016-04-11T12:35:32","guid":{"rendered":"http:\/\/willizblog.de\/?p=9633"},"modified":"2016-04-15T05:20:28","modified_gmt":"2016-04-15T05:20:28","slug":"sv-werder-vor-dem-aus","status":"publish","type":"post","link":"https:\/\/willizblog.de\/?p=9633","title":{"rendered":"SV Werder vor dem Aus"},"content":{"rendered":"<p>Vieles h\u00e4tte passieren d\u00fcrfen, nur nicht diese Niederlage daheim gegen die ersatzgeschw\u00e4chten Augsburger. Es war ein so genanntes Sechs-Punkte-Spiel: Statt sich mit einem Sieg vier Punkte Luft vor dem FC Augsburg zu schaffen, liegt der SV Werder in der Fu\u00dfballbundesliga nun zwei Punkte hinter den \u201aschw\u00e4bischen\u2018 Bayern zur\u00fcck auf dem Relegationsplatz, den man eigentlich l\u00e4ngst hinter sich gelassen haben wollte. <\/p>\n<p>Die Luft wird immer d\u00fcnner, besonders f\u00fcr Viktor Skripnik, dem Chefcouch der Werderaner. Seine Tage sind gez\u00e4hlt, so oder so: Sp\u00e4testens zum Saisonende ist f\u00fcr ihn Schluss. Aber da man wohl noch keinen neuen Trainer vorweisen kann, h\u00e4lt die Gesch\u00e4ftsf\u00fchrung der Bremer an Skripnik fest.<\/p>\n<p><img src=\"https:\/\/www.willizblog.de\/images\/werder1516_st29_augsburg_1_2_skripnik.jpg\" alt=\"Viktor \u201aRatlos\u2018 Skripnik \u2013 Werder nach der 1:2-Niederlage gegen Augsburg\" title=\"Viktor \u201aRatlos\u2018 Skripnik \u2013 Werder nach der 1:2-Niederlage gegen Augsburg\" \/><\/p>\n<p>Panik macht sich in Bremen breit, was bekanntlich keinen guter Ratgeber abgibt. Eine Krisensitzung folgt der anderen. So sehr die Bremer Fans eigentlich zu ihrem Verein halten, solch ein Pfeifkonzert wie nach dem Schlusspfiff am Samstag hat es schon lange nicht mehr im Weserstadion gegeben.<\/p>\n<p>Was jedem zuerst auff\u00e4llt, das ist die Heimschw\u00e4che der Bremer. Lediglich zwei von 14 Heimspielen gewonnen. So spielt nur ein potentieller Absteiger. Werder hat dann Probleme, wenn sie gefordert sind, selbst das Spiel zu machen \u2013 wie jetzt z.B. gegen Augsburg. Diese Unf\u00e4higkeit muss man dem Trainer anlasten. Aber es kommen immer wieder individuelle Fehler von Spielern hinzu \u2013 und der Konzentrationsmangel bei Spielbeginn oder am Ende.<\/p>\n<p>Nun morgen in einer Woche geht es nach M\u00fcnchen zum DFB-Pokal-Halbfinale gegen die Bayern. Was den Bremern in den letzten Jahren nicht mehr gelungen ist, das haben sie in diesem Jahr geschafft. Aber was n\u00fctzt der ganze bisherige Erfolg, wenn man am Ende der Saison absteigen wird? In M\u00fcnchen also wirklich noch einmal voll Gas geben? Oder die Kr\u00e4fte f\u00fcr die weiteren Spiele in der Liga schonen, um den zweiten Abstieg nach der Spielzeit 1979\/80 zu vermeiden?<\/p>\n<p>Noch ist nicht aller Tage Abend. Aber es droht der Abstieg, was f\u00fcr ganz Bremen der Super-GAU w\u00e4re. Die Frage ist nur, wie? (Logisch!) <\/p>\n<p>Nach dem zweiten Heimspiel in Folge, es geht gegen Wolfsburg, spielen die Bremer noch in Hamburg und K\u00f6ln und zu Hause gegen Stuttgart und Frankfurt. Bei den Heimspielen bekomme ich Angst angesichts von Werders Heimschw\u00e4che, dabei sind auch das Sechs-Punkte-Spiele (Es w\u00e4re fast besser, in Frankfurt zu spielen). Es sind also noch viele Punkte zu vergeben. Und wenn die Mannschaft es schafft, sich jetzt noch einmal aufzuraffen, dann sollte es klappen. Aber schafft sie das noch? Mit Skripnik? Ich blicke in viele ratlose Gesichter, wenn es ums Thema Werder Bremen geht \u2026<\/p>\n","protected":false},"excerpt":{"rendered":"<p>Vieles h\u00e4tte passieren d\u00fcrfen, nur nicht diese Niederlage daheim gegen die ersatzgeschw\u00e4chten Augsburger. Es war ein so genanntes Sechs-Punkte-Spiel: Statt sich mit einem Sieg vier Punkte Luft vor dem FC Augsburg zu schaffen, liegt der SV Werder in der Fu\u00dfballbundesliga nun zwei Punkte hinter den \u201aschw\u00e4bischen\u2018 Bayern zur\u00fcck auf dem Relegationsplatz, den man eigentlich l\u00e4ngst &hellip; <a href=\"https:\/\/willizblog.de\/?p=9633\" class=\"more-link\"><span class=\"screen-reader-text\">SV Werder vor dem Aus<\/span> weiterlesen <span class=\"meta-nav\">&rarr;<\/span><\/a><\/p>\n","protected":false},"author":1,"featured_media":0,"comment_status":"open","ping_status":"open","sticky":false,"template":"","format":"standard","meta":[],"categories":[27],"tags":[],"_links":{"self":[{"href":"https:\/\/willizblog.de\/index.php?rest_route=\/wp\/v2\/posts\/9633"}],"collection":[{"href":"https:\/\/willizblog.de\/index.php?rest_route=\/wp\/v2\/posts"}],"about":[{"href":"https:\/\/willizblog.de\/index.php?rest_route=\/wp\/v2\/types\/post"}],"author":[{"embeddable":true,"href":"https:\/\/willizblog.de\/index.php?rest_route=\/wp\/v2\/users\/1"}],"replies":[{"embeddable":true,"href":"https:\/\/willizblog.de\/index.php?rest_route=%2Fwp%2Fv2%2Fcomments&post=9633"}],"version-history":[{"count":0,"href":"https:\/\/willizblog.de\/index.php?rest_route=\/wp\/v2\/posts\/9633\/revisions"}],"wp:attachment":[{"href":"https:\/\/willizblog.de\/index.php?rest_route=%2Fwp%2Fv2%2Fmedia&parent=9633"}],"wp:term":[{"taxonomy":"category","embeddable":true,"href":"https:\/\/willizblog.de\/index.php?rest_route=%2Fwp%2Fv2%2Fcategories&post=9633"},{"taxonomy":"post_tag","embeddable":true,"href":"https:\/\/willizblog.de\/index.php?rest_route=%2Fwp%2Fv2%2Ftags&post=9633"}],"curies":[{"name":"wp","href":"https:\/\/api.w.org\/{rel}","templated":true}]}}