{"id":966,"date":"2007-09-28T00:03:13","date_gmt":"2007-09-27T22:03:13","guid":{"rendered":"http:\/\/www.albinz.de\/blog\/?p=966"},"modified":"2015-07-13T06:43:14","modified_gmt":"2015-07-13T06:43:14","slug":"erik-h-erikson-identitat-und-lebenszyklus","status":"publish","type":"post","link":"https:\/\/willizblog.de\/?p=966","title":{"rendered":"Erik H. Erikson: Identit\u00e4t und Lebenszyklus"},"content":{"rendered":"<p>Wenn es um die <a href=\"https:\/\/de.wikipedia.org\/wiki\/Psychoanalyse\" target=\"_blank\">Psychoanalyse<\/a> geht, so bin ich eigentlich hin- und hergerissen, denn bis heute sind die Erkenntnisse der <a href=\"https:\/\/de.wikipedia.org\/wiki\/Tiefenpsychologie\" target=\"_blank\">Tiefenpsychologie<\/a>, die uns Siegmund Freud vermittelte, nicht unumstritten. Unklar ist f\u00fcr mich auch die Abgrenzung gegen\u00fcber der <a href=\"https:\/\/de.wikipedia.org\/wiki\/Psychiatrie\" target=\"_blank\">Psychiatrie<\/a>, die sicherlich nicht nur Pillen verabreicht oder frankenstein-m\u00e4\u00dfig in den Hirnen psychisch Kranker herumschnippelt.<\/p>\n<p>Wenn ich erkl\u00e4ren sollte, woher eine gewisse Skepsis bei mir gegen\u00fcber Freuds Lehren herr\u00fchrt, k\u00f6nnte ich keine genaue Antwort geben (Verdr\u00e4ngung, Widerstand?). Vielleicht liegt es daran, dass ich manche Erkenntnis der Psychoanalyse f\u00fcr zu statisch (u.a. im Sinne von allgemeing\u00fcltig) ausgelegt halte. Nat\u00fcrlich ist es nicht so, dass jeder Junge mit dem Messer dahergerannt kommt, um seinen Vater zu t\u00f6ten, damit er sich sexuell an seiner Mutter befriedigen kann <a href=\"https:\/\/de.wikipedia.org\/wiki\/%C3%96dipuskonflikt\" target=\"_blank\">(\u00d6dipus-Komplex)<\/a>. Und M\u00e4dels kommen auch ohne das Geh\u00e4nge im Schritt aus <a href=\"https:\/\/de.wikipedia.org\/wiki\/Penisneid\" target=\"_blank\">(Penisneid)<\/a>. Unbewusst und in unterschiedlichster Auspr\u00e4gung mag es aber solche Konflikte geben.<\/p>\n<p>Ungeachtet meiner Skepsis interessiere ich mich schon f\u00fcr die Theorien der Tiefenpsychologie und habe einige B\u00fccher zu diesem Thema gelesen. Denkanst\u00f6\u00dfe bietet die Psychoanalyse allemal.<\/p>\n<p>Im Zusammenhang mit einem Artikel \u00fcber P\u00e4dagogik (ich bin Vater von zwei heranwachsenden Jungen, da m\u00f6chte ich schon wissen, was ich in meiner Erziehung verbessern kann) bin ich auf folgendes Buch gesto\u00dfen: <a href=\"https:\/\/www.amazon.de\/gp\/product\/3518276166?ie=UTF8&#038;tag=familiealbin-21&#038;linkCode=as2&#038;camp=1638&#038;creative=6742&#038;creativeASIN=3518276166\" target=\"_blank\" >Erik H. Erikson: Identit\u00e4t und Lebenszyklus (Suhrkamp Taschenb\u00fccher Wissenschaft, Nr.16)<\/a><img loading=\"lazy\" src=\"https:\/\/www.assoc-amazon.de\/e\/ir?t=familiealbin-21&#038;l=as2&#038;o=3&#038;a=3518276166\" width=\"1\" height=\"1\" border=\"0\" alt=\"\" style=\"border:none !important; margin:0px !important;\" \/>.<\/p>\n<p><a href=\"https:\/\/de.wikipedia.org\/wiki\/Erik_H._Erikson\" target=\"_blank\">Erikson<\/a> (1902-1994) l\u00f6st einwenig die von mir kritisierte Statik und erweitert die psychoanalytische Betrachtungsweise um die Erforschung der <a href=\"https:\/\/de.wikipedia.org\/wiki\/Ichpsychologie\" target=\"_blank\">Ich-Identit\u00e4t<\/a>, die nat\u00fcrlich auch von <strong>historisch-gesellschaftlichen Ver\u00e4nderungen<\/strong> abh\u00e4ngig ist. Das Buch gilt als \u201aklassische\u2019 Arbeit (zwischen 1946 und 1956 in drei Aufs\u00e4tzen ver\u00f6ffentlicht) und erweitert (etwas anders ausgedr\u00fcckt) den Interpretationsrahmen der Psychoanalyse &#8211; die Lebensgeschichte &#8211; um die \u201epsychosoziale\u201c und die \u201epsychohistorische\u201c Dimension. Insbesondere hat er den Menschen unter diesen Gesichtspunkten von seinen fr\u00fchkindlichen Verhaltensweisen bis hin zu den Phasen des Erwachsenseins erforscht. Er war also Praktiker \u2013 besonders in der Jugendpsychologie.<\/p>\n<p><img src=\"https:\/\/www.willizblog.de\/albpics\/erik_h_erikson.jpg\" alt=\"Erik H. Erikson\" \/><\/p>\n<p><em>\u201eIdentit\u00e4t, das ist der Schnittpunkt<br \/>\nzwischen dem, was eine Person sein will,<br \/>\nund dem, was die Welt ihr zu sein gestattet.&#8220;<\/em><\/p>\n<p>Nach Erikson ist die Entwicklung der Pers\u00f6nlichkeit eine <a href=\"http:\/\/bebis.cidsnet.de\/weiterbildung\/sps\/allgemein\/bausteine\/entwicklung\/identkrise.htm\" target=\"_blank\">Abfolge \u201epsycho-sozialer\u201c Krisen<\/a>, die er in einem Phasenmodell <a href=\"http:\/\/www.dr-mueck.de\/HM_Therapeutisches\/HM_Lebensphasen_Erik-H-Erikson_Lebenszyklus.htm\" target=\"_blank\">(Phasen der psychosozialen Entwicklung)<\/a> skizziert hat. Hierzu auch eine <a href=\"http:\/\/www.stangl-taller.at\/ARBEITSBLAETTER\/PSYCHOLOGIEENTWICKLUNG\/EntwicklungErikson.shtml\" target=\"_blank\">allgemein verst\u00e4ndliche Zusammenfassung<\/a>.<\/p>\n<p>Sicherlich kann eine solche Skizze (als tabellarische \u00dcbersicht) auch nur statisch sein. Wie ich aber bereits erw\u00e4hnte: Wenn man sich die hier aufgezeigten einzelnen Entwicklungsstufen des Menschen vor Augen h\u00e4lt, bietet ein solches Modell gen\u00fcgend Stoff zum Nachdenken und Diskutieren (Denkanst\u00f6\u00dfe). Und bei aller grauen Theorie l\u00e4sst uns Erikson aufschlussreiche Einblicke in seine praktische Arbeit gew\u00e4hren.<\/p>\n<p><img src=\"https:\/\/www.willizblog.de\/albpics\/ich_psychologie.jpg\" alt=\"Ich-Psychologie: Freuds Drei-Instanzen-Modell\" \/><br \/>\nDrei-Instanzen-Modell<\/p>\n<p>Siehe auch meine bisherigen Betr\u00e4ge zum Thema Psychoanalyse:<br \/>\n<a href=\"https:\/\/www.willizblog.de\/?p=38\" target=\"_blank\">Die Kunst des Liebens &#8211; zum 25. Todestag von Erich Fromm<\/a><br \/>\n<a href=\"https:\/\/www.willizblog.de\/?p=566\" target=\"_blank\">Freud\u2019sche Fehlleistungen<\/a><br \/>\n<a href=\"https:\/\/www.willizblog.de\/?p=812\" target=\"_blank\">Bestie Mensch<\/a><\/p>\n","protected":false},"excerpt":{"rendered":"<p>Wenn es um die Psychoanalyse geht, so bin ich eigentlich hin- und hergerissen, denn bis heute sind die Erkenntnisse der Tiefenpsychologie, die uns Siegmund Freud vermittelte, nicht unumstritten. Unklar ist f\u00fcr mich auch die Abgrenzung gegen\u00fcber der Psychiatrie, die sicherlich nicht nur Pillen verabreicht oder frankenstein-m\u00e4\u00dfig in den Hirnen psychisch Kranker herumschnippelt. Wenn ich erkl\u00e4ren &hellip; <a href=\"https:\/\/willizblog.de\/?p=966\" class=\"more-link\"><span class=\"screen-reader-text\">Erik H. Erikson: Identit\u00e4t und Lebenszyklus<\/span> weiterlesen <span class=\"meta-nav\">&rarr;<\/span><\/a><\/p>\n","protected":false},"author":1,"featured_media":0,"comment_status":"open","ping_status":"closed","sticky":false,"template":"","format":"standard","meta":[],"categories":[15,3],"tags":[],"_links":{"self":[{"href":"https:\/\/willizblog.de\/index.php?rest_route=\/wp\/v2\/posts\/966"}],"collection":[{"href":"https:\/\/willizblog.de\/index.php?rest_route=\/wp\/v2\/posts"}],"about":[{"href":"https:\/\/willizblog.de\/index.php?rest_route=\/wp\/v2\/types\/post"}],"author":[{"embeddable":true,"href":"https:\/\/willizblog.de\/index.php?rest_route=\/wp\/v2\/users\/1"}],"replies":[{"embeddable":true,"href":"https:\/\/willizblog.de\/index.php?rest_route=%2Fwp%2Fv2%2Fcomments&post=966"}],"version-history":[{"count":0,"href":"https:\/\/willizblog.de\/index.php?rest_route=\/wp\/v2\/posts\/966\/revisions"}],"wp:attachment":[{"href":"https:\/\/willizblog.de\/index.php?rest_route=%2Fwp%2Fv2%2Fmedia&parent=966"}],"wp:term":[{"taxonomy":"category","embeddable":true,"href":"https:\/\/willizblog.de\/index.php?rest_route=%2Fwp%2Fv2%2Fcategories&post=966"},{"taxonomy":"post_tag","embeddable":true,"href":"https:\/\/willizblog.de\/index.php?rest_route=%2Fwp%2Fv2%2Ftags&post=966"}],"curies":[{"name":"wp","href":"https:\/\/api.w.org\/{rel}","templated":true}]}}