{"id":9661,"date":"2016-04-25T07:54:10","date_gmt":"2016-04-25T07:54:10","guid":{"rendered":"http:\/\/willizblog.de\/?p=9661"},"modified":"2016-04-25T07:57:23","modified_gmt":"2016-04-25T07:57:23","slug":"werder-bremen-in-noeten","status":"publish","type":"post","link":"https:\/\/willizblog.de\/?p=9661","title":{"rendered":"Werder Bremen in N\u00f6ten"},"content":{"rendered":"<p>Sollte Claudio Pizarro zur tragischen Figur des SV Werder werden? Eine ungeschriebene Fu\u00dfballregel lautet: Lass den gefoulten Spieler niemals den f\u00e4lligen Elfmeter schie\u00dfen! Pizarro, der im Strafraum vom HSV-Kapit\u00e4n Djourou von den Beinen geholt wurde, tritt an wie schon die Wochen zuvor, wenn es einen Strafsto\u00df f\u00fcr die Bremer gab, und \u2026 vergibt ziemlich kl\u00e4glich. Am Ende verliert Werder das Spiel beim HSV 1:2. Und ausgerechnet Lagossa markiert beide Hamburger Tore \ud83d\ude41 .<\/p>\n<p>Und da Frankfurt zu Hause gewinnt, schmilzt der Abstand zum 17. Tabellenplatz, der den direkten Abstieg bedeutet, auf einen Z\u00e4hler.<\/p>\n<p>Hinzu kommt diese irrsinnige Terminierung. Bereits das HSV-Spiel am Freitag war ungl\u00fccklich platziert, da Werder erst am Dienstag das schwere Spiel im DFB-Pokal-Halbfinale bei den Bayern zu bestreiten hatte. Und jetzt das erste Montagsspiel in der langj\u00e4hrigen Bundesliga-Geschichte (am 2. Mai) zu Hause gegen Stuttgart. Alle anderen Teams sind da bereits \u201adurch\u2018.<\/p>\n<ul><img src=\"https:\/\/www.willizblog.de\/blogpicts\/werder_sinking_ship.jpg\" alt=\"Werder Bremen: Wohin geht die Reise?\" title=\"Werder Bremen: Wohin geht die Reise?\" \/><\/ul>\n<p>Nat\u00fcrlich kann es der SV Werder Bremen in den letzten drei Spieltagen aus eigener Kraft schaffen. An Stuttgart, die nach einer Negativserie pl\u00f6tzlich doch wieder gegen den Abstieg zu k\u00e4mpfen haben, kann sogar der 16. Platz (Relegation) am besagten n\u00e4chsten Montag abgegeben werden. Das hei\u00dft aber: gewinnen! Und wenn es auch dazu nicht reicht, so gibt es am letzten Spieltag zu Hause gegen Frankfurt das endg\u00fcltig letzte Endspiel \u2013 gegen Frankfurt! Zwischenzeitlich spielt Werder dann noch in K\u00f6ln. Sp\u00e4testens am 14. Mai gegen 17 Uhr 20 wissen wir, ob die Bremer es geschafft haben, ob sie nachsitzen m\u00fcssen (in der Relegation voraussichtlich gegen den 1. FC N\u00fcrnberg) oder ob der Werder-Fan in der n\u00e4chsten Saison Spiele gegen Mannschaften wie Heidenheim oder Sandhausen im Weserstadion erleben wird.<\/p>\n","protected":false},"excerpt":{"rendered":"<p>Sollte Claudio Pizarro zur tragischen Figur des SV Werder werden? Eine ungeschriebene Fu\u00dfballregel lautet: Lass den gefoulten Spieler niemals den f\u00e4lligen Elfmeter schie\u00dfen! Pizarro, der im Strafraum vom HSV-Kapit\u00e4n Djourou von den Beinen geholt wurde, tritt an wie schon die Wochen zuvor, wenn es einen Strafsto\u00df f\u00fcr die Bremer gab, und \u2026 vergibt ziemlich kl\u00e4glich. &hellip; <a href=\"https:\/\/willizblog.de\/?p=9661\" class=\"more-link\"><span class=\"screen-reader-text\">Werder Bremen in N\u00f6ten<\/span> weiterlesen <span class=\"meta-nav\">&rarr;<\/span><\/a><\/p>\n","protected":false},"author":1,"featured_media":0,"comment_status":"open","ping_status":"open","sticky":false,"template":"","format":"standard","meta":[],"categories":[27],"tags":[],"_links":{"self":[{"href":"https:\/\/willizblog.de\/index.php?rest_route=\/wp\/v2\/posts\/9661"}],"collection":[{"href":"https:\/\/willizblog.de\/index.php?rest_route=\/wp\/v2\/posts"}],"about":[{"href":"https:\/\/willizblog.de\/index.php?rest_route=\/wp\/v2\/types\/post"}],"author":[{"embeddable":true,"href":"https:\/\/willizblog.de\/index.php?rest_route=\/wp\/v2\/users\/1"}],"replies":[{"embeddable":true,"href":"https:\/\/willizblog.de\/index.php?rest_route=%2Fwp%2Fv2%2Fcomments&post=9661"}],"version-history":[{"count":0,"href":"https:\/\/willizblog.de\/index.php?rest_route=\/wp\/v2\/posts\/9661\/revisions"}],"wp:attachment":[{"href":"https:\/\/willizblog.de\/index.php?rest_route=%2Fwp%2Fv2%2Fmedia&parent=9661"}],"wp:term":[{"taxonomy":"category","embeddable":true,"href":"https:\/\/willizblog.de\/index.php?rest_route=%2Fwp%2Fv2%2Fcategories&post=9661"},{"taxonomy":"post_tag","embeddable":true,"href":"https:\/\/willizblog.de\/index.php?rest_route=%2Fwp%2Fv2%2Ftags&post=9661"}],"curies":[{"name":"wp","href":"https:\/\/api.w.org\/{rel}","templated":true}]}}