{"id":9681,"date":"2016-05-05T04:13:24","date_gmt":"2016-05-05T04:13:24","guid":{"rendered":"http:\/\/willizblog.de\/?p=9681"},"modified":"2016-05-04T09:16:09","modified_gmt":"2016-05-04T09:16:09","slug":"himmelfahrtvatertag-2016","status":"publish","type":"post","link":"https:\/\/willizblog.de\/?p=9681","title":{"rendered":"Himmelfahrt\/Vatertag 2016"},"content":{"rendered":"<p>In verschiedenen Religionen, besonders aber auch in Mythen, finden wir die <a href=\"https:\/\/de.wikipedia.org\/wiki\/Himmelfahrt\" target=\"_blank\">Himmelfahrt<\/a> als das h\u00f6chste Ziel, n\u00e4mlich mit allem, was einem eigen ist, ins Jenseits einzutreten. Am heutigen Feiertag feiert die Christenheit <a href=\"https:\/\/de.wikipedia.org\/wiki\/Christi_Himmelfahrt\" target=\"_blank\">Christi Himmelfahrt<\/a>, also die R\u00fcckkehr des Jesus von Nazareth als Sohn Gottes zu seinem Vater in den Himmel, nachdem er zu Karfreitag gekreuzigt und zu Ostern wiederauferstanden war von den Toten.<\/p>\n<p>Grundlage der Himmelfahrt Christi ist das Evangelium von Lukas 24 Verse 50 ff.:<\/p>\n<p><em>Jesu Himmelfahrt<br \/>\n50 Er f\u00fchrte sie aber hinaus bis nach Betanien und hob die H\u00e4nde auf und segnete sie.<br \/>\n51 Und es geschah, als er sie segnete, schied er von ihnen und fuhr auf gen Himmel.<br \/>\n52 Sie aber beteten ihn an und kehrten zur\u00fcck nach Jerusalem mit gro\u00dfer Freude<br \/>\n53 und waren allezeit im Tempel und priesen Gott.<\/em><\/p>\n<p>Vatertag ist der Ehrentag der V\u00e4ter so wie es den Muttertag f\u00fcr die M\u00fctter gibt. Er geht zur\u00fcck auf die Amerikanerin, Louisa Dodd, deren Vater im Sezessionskrieg (1861-65) gek\u00e4mpft hatte. Sie rief 1910 eine Bewegung zur Ehrung von V\u00e4tern ins Leben. Diese Aktivit\u00e4ten wurden so erfolgreich, da\u00df Pr\u00e4sident Calvin Coolidge 1924 eine Empfehlung f\u00fcr die Einf\u00fchrung eines besonderen Feiertages an die Einzelstaaten der USA herausgab. Die Akzeptanz des Vatertages ist bei weiten Schichten der amerikanischen Bev\u00f6lkerung so gro\u00df, da\u00df Pr\u00e4sident Nixon ihn 1974 endg\u00fcltig in den Rang eines offiziellen Feiertages f\u00fcr jeweils den zweiten Sonntag im Juni erhob. (Quelle: <a href=\"http:\/\/www.vaterglueck.de\/vatertag.php\" target=\"_blank\">vaterglueck.de<\/a>)<\/p>\n<p>In Deutschland f\u00e4llt der Vatertag jeweils mit dem Himmelfahrtstag (Christi Himmelfahrt) zusammen und variiert somit jedes Jahr. Bisher hat er hier allerdings nicht denselben Stellenwert gefunden wie in den USA, sondern ist eher wegen mancher Saufgelage potenzieller V\u00e4ter verschrien. Apropos Vatertag:<\/p>\n<p><em>Vater werden ist nicht schwer,<br \/>\nVater sein dagegen sehr.<br \/>\nErsteres wird gern ge\u00fcbt,<br \/>\nweil es allgemein beliebt.<br \/>\nSelbst der Lasterhafte zeigt,<br \/>\nda\u00df er garnicht abgeneigt.<br \/>\nNur will er mit seinen S\u00fcnden<br \/>\nkeinen guten Zweck verbinden,<br \/>\nsondern, wenn die Kosten kommen,<br \/>\nf\u00fchlet er sich angstbeklommen.<\/em><\/p>\n<p><a href=\"https:\/\/de.wikipedia.org\/wiki\/Wilhelm_Busch\" target=\"_blank\">Wilhelm Busch<\/a> (1832-1908)<\/p>\n<p>Und damit sich so ein Feiertag auch wirklich lohnt, nehmen wir am morgigen Freitag einen <a href=\"https:\/\/willizblog.de\/?p=4515\" target=\"_blank\">Br\u00fcckentag<\/a>, den wir hier in, um und rundum Hamburg auch gern <a href=\"https:\/\/willizblog.de\/?p=9167\" target=\"_blank\">Hummeltag<\/a> zu nennen pflegen, um mit einem vier Tage langen verl\u00e4ngerten Wochenende die angek\u00fcndigte Sonne genie\u00dfen k\u00f6nnen. Und wer will und kann, der darf den <a href=\"http:\/\/www.hamburg.de\/hafengeburtstag\/\" target=\"_blank\"><strong>827. Hamburger Hafengeburtstag<\/strong><\/a> diese vier Tage lang feiern.<\/p>\n","protected":false},"excerpt":{"rendered":"<p>In verschiedenen Religionen, besonders aber auch in Mythen, finden wir die Himmelfahrt als das h\u00f6chste Ziel, n\u00e4mlich mit allem, was einem eigen ist, ins Jenseits einzutreten. Am heutigen Feiertag feiert die Christenheit Christi Himmelfahrt, also die R\u00fcckkehr des Jesus von Nazareth als Sohn Gottes zu seinem Vater in den Himmel, nachdem er zu Karfreitag gekreuzigt &hellip; <a href=\"https:\/\/willizblog.de\/?p=9681\" class=\"more-link\"><span class=\"screen-reader-text\">Himmelfahrt\/Vatertag 2016<\/span> weiterlesen <span class=\"meta-nav\">&rarr;<\/span><\/a><\/p>\n","protected":false},"author":1,"featured_media":0,"comment_status":"open","ping_status":"open","sticky":false,"template":"","format":"standard","meta":[],"categories":[32,28],"tags":[],"_links":{"self":[{"href":"https:\/\/willizblog.de\/index.php?rest_route=\/wp\/v2\/posts\/9681"}],"collection":[{"href":"https:\/\/willizblog.de\/index.php?rest_route=\/wp\/v2\/posts"}],"about":[{"href":"https:\/\/willizblog.de\/index.php?rest_route=\/wp\/v2\/types\/post"}],"author":[{"embeddable":true,"href":"https:\/\/willizblog.de\/index.php?rest_route=\/wp\/v2\/users\/1"}],"replies":[{"embeddable":true,"href":"https:\/\/willizblog.de\/index.php?rest_route=%2Fwp%2Fv2%2Fcomments&post=9681"}],"version-history":[{"count":0,"href":"https:\/\/willizblog.de\/index.php?rest_route=\/wp\/v2\/posts\/9681\/revisions"}],"wp:attachment":[{"href":"https:\/\/willizblog.de\/index.php?rest_route=%2Fwp%2Fv2%2Fmedia&parent=9681"}],"wp:term":[{"taxonomy":"category","embeddable":true,"href":"https:\/\/willizblog.de\/index.php?rest_route=%2Fwp%2Fv2%2Fcategories&post=9681"},{"taxonomy":"post_tag","embeddable":true,"href":"https:\/\/willizblog.de\/index.php?rest_route=%2Fwp%2Fv2%2Ftags&post=9681"}],"curies":[{"name":"wp","href":"https:\/\/api.w.org\/{rel}","templated":true}]}}