{"id":9685,"date":"2016-05-09T07:59:10","date_gmt":"2016-05-09T07:59:10","guid":{"rendered":"http:\/\/willizblog.de\/?p=9685"},"modified":"2016-05-09T08:27:41","modified_gmt":"2016-05-09T08:27:41","slug":"endspiel-gegen-frankfurt","status":"publish","type":"post","link":"https:\/\/willizblog.de\/?p=9685","title":{"rendered":"\u2018Endspiel\u2019 gegen Frankfurt"},"content":{"rendered":"<p>Eigentlich gucke ich nicht, wie die 2. Liga gespielt hat. Aber als Werder Bremen-Fan kommt man in diesen Tagen nicht umhin, einen Blick auf die Tabelle der 2. Liga zu werfen, immerhin droht den Fu\u00dfballern von der Weser als m\u00f6glicher Tabellensechzehnter die <a href=\"https:\/\/de.wikipedia.org\/wiki\/Relegation_%28Sport%29\" target=\"_blank\">Relegation<\/a> gegen den Dritten eben dieser 2. Liga. Und das w\u00e4re der 1. FC N\u00fcrnberg (SC Freiburg und der Brausegetr\u00e4nkeverein aus Leipzig haben den Aufstieg in die Bundesliga bereits geschafft).<\/p>\n<p>Immerhin: was bisher in dieser Bundesligasaison den Bremern nicht gegl\u00fcckt ist, n\u00e4mlich einmal kein Gegentor einzufangen, haben sie am Samstag in K\u00f6ln geschafft. Allerdings ging der Sturm auch leer aus: 0:0. Zu danken haben es die Spieler ihrem Torwart, Feilx Wiedwald, der auch Fehler seiner Vorderleute ausb\u00fcgelte und alles hielt, was es zu halten gab.<\/p>\n<p><img src=\"https:\/\/www.willizblog.de\/images\/werder1516_st33_koeln_0_0_wiedwald.jpg\" alt=\"Felix Wiedwald (SV Werder Bremen) h\u00e4lt und h\u00e4lt und h\u00e4lt \u2026\" title=\"Felix Wiedwald (SV Werder Bremen) h\u00e4lt und h\u00e4lt und h\u00e4lt \u2026\" \/><\/p>\n<p>Eigentlich kann man mit dem Ergebnis in Bremen zufrieden sein, w\u00e4re da nicht der 1:0-Sieg von Eintracht Frankfurt gegen den neuen Vizemeister aus Dortmund. Denn dadurch sackte der SV Werder wieder auf eben diesen undankbaren 16. Tabellenplatz ab. Allerdings haben es die Bremer am letzten Spieltag in eigenen H\u00e4nden, wenn es n\u00e4mlich zu Hause im Weserstadion gegen die Frankfurter geht. Aber ein Sieg muss her, ein Unentschieden n\u00fctzt nichts (w\u00e4re aber n\u00f6tig, wenn Stuttgart in Wolfsburg gewinnt): Werder m\u00fcsste in die Relegationsspiele gegen N\u00fcrnberg.<\/p>\n<p>Nun hat Frankfurt mit drei Siegen hintereinander einen guten Lauf und wird alles darangeben, auch in Bremen zu punkten. Und bei den Bremern f\u00e4llt Fin Bartels aus, der unn\u00f6tigerweise in K\u00f6ln seine f\u00fcnfte gelbe Karte bekam und das Spiel gesperrt sein wird.<\/p>\n<p>Es wird also am Samstag ein \u201aEndspiel\u2018 werden zwischen Bremen und Frankfurt, auch wenn es nur um den Klassenerhalt geht. Dem Verlierer bleibt immerhin der Trost, gegen N\u00fcrnberg \u201anachzuziehen\u2018. Werder sollte die erste Chance (am Samstag) nutzen. Daumendr\u00fccken ist angesagt!<\/p>\n","protected":false},"excerpt":{"rendered":"<p>Eigentlich gucke ich nicht, wie die 2. Liga gespielt hat. Aber als Werder Bremen-Fan kommt man in diesen Tagen nicht umhin, einen Blick auf die Tabelle der 2. Liga zu werfen, immerhin droht den Fu\u00dfballern von der Weser als m\u00f6glicher Tabellensechzehnter die Relegation gegen den Dritten eben dieser 2. Liga. Und das w\u00e4re der 1. &hellip; <a href=\"https:\/\/willizblog.de\/?p=9685\" class=\"more-link\"><span class=\"screen-reader-text\">\u2018Endspiel\u2019 gegen Frankfurt<\/span> weiterlesen <span class=\"meta-nav\">&rarr;<\/span><\/a><\/p>\n","protected":false},"author":1,"featured_media":0,"comment_status":"open","ping_status":"open","sticky":false,"template":"","format":"standard","meta":[],"categories":[27],"tags":[],"_links":{"self":[{"href":"https:\/\/willizblog.de\/index.php?rest_route=\/wp\/v2\/posts\/9685"}],"collection":[{"href":"https:\/\/willizblog.de\/index.php?rest_route=\/wp\/v2\/posts"}],"about":[{"href":"https:\/\/willizblog.de\/index.php?rest_route=\/wp\/v2\/types\/post"}],"author":[{"embeddable":true,"href":"https:\/\/willizblog.de\/index.php?rest_route=\/wp\/v2\/users\/1"}],"replies":[{"embeddable":true,"href":"https:\/\/willizblog.de\/index.php?rest_route=%2Fwp%2Fv2%2Fcomments&post=9685"}],"version-history":[{"count":0,"href":"https:\/\/willizblog.de\/index.php?rest_route=\/wp\/v2\/posts\/9685\/revisions"}],"wp:attachment":[{"href":"https:\/\/willizblog.de\/index.php?rest_route=%2Fwp%2Fv2%2Fmedia&parent=9685"}],"wp:term":[{"taxonomy":"category","embeddable":true,"href":"https:\/\/willizblog.de\/index.php?rest_route=%2Fwp%2Fv2%2Fcategories&post=9685"},{"taxonomy":"post_tag","embeddable":true,"href":"https:\/\/willizblog.de\/index.php?rest_route=%2Fwp%2Fv2%2Ftags&post=9685"}],"curies":[{"name":"wp","href":"https:\/\/api.w.org\/{rel}","templated":true}]}}