{"id":9708,"date":"2016-05-25T09:37:25","date_gmt":"2016-05-25T09:37:25","guid":{"rendered":"http:\/\/willizblog.de\/?p=9708"},"modified":"2016-05-25T09:42:24","modified_gmt":"2016-05-25T09:42:24","slug":"abriss-von-tostedts-schandfleck-teil-3","status":"publish","type":"post","link":"https:\/\/willizblog.de\/?p=9708","title":{"rendered":"Abriss von \u201cTostedts Schandfleck\u201d &#8211; Teil 3"},"content":{"rendered":"<p>Der neue Eigent\u00fcmer des Grundst\u00fccks \u201aAm Bahnhof 9\/9a\u2018 in Tostedt (<a href=\"https:\/\/www.willizblog.de\/?p=9677\" target=\"_blank\">\u201eTostedts Schandfleck\u201c<\/a>), die <a href=\"http:\/\/www.pgn-architekten.de\/de\" target=\"_blank\">Planungsgemeinschaft Nord GmbH aus Rotenburg (PGN)<\/a>, hat die Anlieger dieses Grundst\u00fccks zu einer <strong>Informationsveranstaltung<\/strong> eingeladen: <\/p>\n<p>[\u2026] <em>nach R\u00fccksprache mit der Nachbarschaft wird der oben genannte Termin am <strong>Donnerstag den 09.06. um 18:00 Uhr<\/strong> auf dem Grundst\u00fcck beginnen.<br \/>\nIm weiteren Verlauf des Abends werden wir Ihnen dann das Konzept vorstellen und f\u00fcr R\u00fcckfragen zur Verf\u00fcgung stehen.<\/em> <\/p>\n<p><em>Mit freundlichen Gr\u00fc\u00dfen<br \/>\nPLANUNGSGEMEINSCHAFT NORD GmbH<\/em><\/p>\n<p><img src=\"https:\/\/www.willizblog.de\/images\/tostedt2016_abriss_am_bahnhof04.jpg\" alt=\"Tostedt, Am Bahnhof  9\/9a \u2013 Abriss diverser Geb\u00e4ude (Staubwolke)\" title=\"Tostedt, Am Bahnhof  9\/9a \u2013 Abriss diverser Geb\u00e4ude (Staubwolke)\" ><\/p>\n<p>Der Samtgemeindeb\u00fcrgermeister ist entsprechend informiert und hat sein Kommen zugesagt. Wir sind alle wirklich gespannt, was die PGN auf dem etwa 7000 m\u00b2 gro\u00dfen Grundst\u00fcck zu bauen beabsichtigt.<\/p>\n<p>Inzwischen sind die bisher auf dem Grundst\u00fcck vorhandenen Geb\u00e4ude abgerissen und der Schutt zum gro\u00dfen Teil abtransportiert. Leider entstand dabei neben gro\u00dfen L\u00e4rm besonders viel Staub, der bei der trockenen Witterung selbst bei geschlossenen Fenstern bis in die kleinsten Ritzen unseres Hauses gedrungen ist. Erst nach R\u00fccksprache mit der Rathausverwaltung befeuchteten die Arbeiter des Abrissunternehmens den abzutransportierenden Bauschutt. Wenn es schon so bescheiden anf\u00e4ngt, fragt man sich, wie es weitergehen soll.<\/p>\n<p>Inzwischen grassiert ein Ger\u00fccht, demzufolge das Bauvorhaben l\u00e4ngst in \u201atrockene T\u00fccher\u2018 w\u00e4re, d.h. durch den Landkreis Harburg abgesegnet. Wir werden sehen. Die Anrainer sind auf jeden Fall sensibilisiert.<\/p>\n<p>Die Bedenken der Anrainer (und damit nat\u00fcrlich auch die unseren) richten sich besonders \u2013 wie <a href=\"https:\/\/www.willizblog.de\/?p=9688\" target=\"_blank\">an anderer Stelle<\/a> bereits erw\u00e4hnt &#8211; gegen zwei Punkte.<\/p>\n<ol>\u2013 Die Zufahrt zumindest zu den \u201aStadth\u00e4usern\u2018 soll zweispurig \u00fcber die Poststra\u00dfe erfolgen. Daf\u00fcr d\u00fcrfte der Grundst\u00fccksteil (Zuwegung) eigentlich viel zu schmal sein. Au\u00dferdem erg\u00e4be das eine erh\u00f6hte L\u00e4rmbel\u00e4stigung durch den zus\u00e4tzlichen Verkehr.<\/ol>\n<ol>\u2013 Durch eine Bebauung (von 106 Wohneinheiten ist die Rede), die \u00fcber die bisher maximal erlaubte H\u00f6he von zwei Stockwerken der H\u00e4user hinausgeht, ergibt sich eine Beeintr\u00e4chtigung der Privatsph\u00e4re der Anrainer. Auch ist damit zu rechnen, das weniger oder gar keine Sonne in die G\u00e4rten der Anwohner f\u00e4llt.<\/ol>\n<p><img src=\"https:\/\/www.willizblog.de\/images\/tostedt2016_stichstrasse_poststrasse.jpg\" alt=\"Stichstra\u00dfe (Zuwegung) von der Poststra\u00dfe zu dem Grundst\u00fcck \u201aAm Bahnhof 9\/9a\u2018 in Tostedt\" title=\"Stichstra\u00dfe (Zuwegung) von der Poststra\u00dfe zu dem Grundst\u00fcck \u201aAm Bahnhof 9\/9a\u2018 in Tostedt\" \/><\/p>\n<p>Schaut man sich ein \u00e4hnliches Projekt der PGN an (<a href=\"http:\/\/www.pgn-architekten.de\/de\/neubau-einer-wohnanlage-in-barsinghausen#paragraph_2506193\" target=\"_blank\">Neubau einer Wohnanlage in Barsinghausen<\/a>), dann muss damit gerechnet werden, dass die H\u00e4user h\u00f6her als die der Anrainer werden. Sollte die genannte Stichstra\u00dfe wie geplant ausgef\u00fchrt werden, dann lege unser Haus zwischen zwei Stra\u00dfen, vorn und hinten eine. Das w\u00e4re des Stra\u00dfenl\u00e4rms etwas zu viel.<\/p>\n","protected":false},"excerpt":{"rendered":"<p>Der neue Eigent\u00fcmer des Grundst\u00fccks \u201aAm Bahnhof 9\/9a\u2018 in Tostedt (\u201eTostedts Schandfleck\u201c), die Planungsgemeinschaft Nord GmbH aus Rotenburg (PGN), hat die Anlieger dieses Grundst\u00fccks zu einer Informationsveranstaltung eingeladen: [\u2026] nach R\u00fccksprache mit der Nachbarschaft wird der oben genannte Termin am Donnerstag den 09.06. um 18:00 Uhr auf dem Grundst\u00fcck beginnen. Im weiteren Verlauf des Abends &hellip; <a href=\"https:\/\/willizblog.de\/?p=9708\" class=\"more-link\"><span class=\"screen-reader-text\">Abriss von \u201cTostedts Schandfleck\u201d &#8211; Teil 3<\/span> weiterlesen <span class=\"meta-nav\">&rarr;<\/span><\/a><\/p>\n","protected":false},"author":1,"featured_media":0,"comment_status":"open","ping_status":"open","sticky":false,"template":"","format":"standard","meta":[],"categories":[11],"tags":[],"_links":{"self":[{"href":"https:\/\/willizblog.de\/index.php?rest_route=\/wp\/v2\/posts\/9708"}],"collection":[{"href":"https:\/\/willizblog.de\/index.php?rest_route=\/wp\/v2\/posts"}],"about":[{"href":"https:\/\/willizblog.de\/index.php?rest_route=\/wp\/v2\/types\/post"}],"author":[{"embeddable":true,"href":"https:\/\/willizblog.de\/index.php?rest_route=\/wp\/v2\/users\/1"}],"replies":[{"embeddable":true,"href":"https:\/\/willizblog.de\/index.php?rest_route=%2Fwp%2Fv2%2Fcomments&post=9708"}],"version-history":[{"count":0,"href":"https:\/\/willizblog.de\/index.php?rest_route=\/wp\/v2\/posts\/9708\/revisions"}],"wp:attachment":[{"href":"https:\/\/willizblog.de\/index.php?rest_route=%2Fwp%2Fv2%2Fmedia&parent=9708"}],"wp:term":[{"taxonomy":"category","embeddable":true,"href":"https:\/\/willizblog.de\/index.php?rest_route=%2Fwp%2Fv2%2Fcategories&post=9708"},{"taxonomy":"post_tag","embeddable":true,"href":"https:\/\/willizblog.de\/index.php?rest_route=%2Fwp%2Fv2%2Ftags&post=9708"}],"curies":[{"name":"wp","href":"https:\/\/api.w.org\/{rel}","templated":true}]}}