{"id":971,"date":"2007-10-03T00:06:29","date_gmt":"2007-10-02T22:06:29","guid":{"rendered":"http:\/\/www.albinz.de\/blog\/?p=971"},"modified":"2007-10-03T00:06:29","modified_gmt":"2007-10-02T22:06:29","slug":"toster-flohmarkt-2007-rund-um-de-kark","status":"publish","type":"post","link":"https:\/\/willizblog.de\/?p=971","title":{"rendered":"T\u00f6ster Flohmarkt 2007 (Rund \u00fcm de Kark)"},"content":{"rendered":"<p>Am Samstag, den 6. Oktober, ist es wieder soweit. In Tostedt findet wieder Norddeutschlands gr\u00f6\u00dfer Flohmarkt statt, kurz <strong>T\u00f6ster Markt<\/strong> genannt. Offizielle Er\u00f6ffnung ist um 10 Uhr. Wer aber die wahren Schn\u00e4ppchen sucht, der sollte sich weit vor dieser Zeit nach Tostedt aufmachen. Bereits im Morgengrauen werden sich erste H\u00e4ndler und Interessenten einig.<\/p>\n<p><img src=\"https:\/\/www.albinz.net\/images\/flohmarkt2006_04.jpg\" alt=\"T\u00f6ster Flohmarkt 2007\" \/><\/p>\n<p>hier Bilder von mir (und ein kleines Video) von <a href=\"https:\/\/www.albinz.net\/tostedt\/tostedt_flohmarkt.html\" target=\"_blank\">fr\u00fcheren Flohm\u00e4rkten in Tostedt<\/a><br \/>\nBilder vom <a href=\"https:\/\/www.willizblog.de\/?p=632\" target=\"_blank\">T\u00f6ster Flohmarkt 2006<\/a><br \/>\nWebsite des <a href=\"http:\/\/www.werbekreis-tostedt.de\/\" target=\"_blank\">Werbekreises Tostedt<\/a> (mit weiteren Bildern des T\u00f6ster Marktes)<\/p>\n","protected":false},"excerpt":{"rendered":"<p>Am Samstag, den 6. Oktober, ist es wieder soweit. In Tostedt findet wieder Norddeutschlands gr\u00f6\u00dfer Flohmarkt statt, kurz T\u00f6ster Markt genannt. Offizielle Er\u00f6ffnung ist um 10 Uhr. Wer aber die wahren Schn\u00e4ppchen sucht, der sollte sich weit vor dieser Zeit nach Tostedt aufmachen. Bereits im Morgengrauen werden sich erste H\u00e4ndler und Interessenten einig. hier Bilder &hellip; <a href=\"https:\/\/willizblog.de\/?p=971\" class=\"more-link\"><span class=\"screen-reader-text\">T\u00f6ster Flohmarkt 2007 (Rund \u00fcm de Kark)<\/span> weiterlesen <span class=\"meta-nav\">&rarr;<\/span><\/a><\/p>\n","protected":false},"author":1,"featured_media":0,"comment_status":"open","ping_status":"closed","sticky":false,"template":"","format":"standard","meta":[],"categories":[11],"tags":[],"_links":{"self":[{"href":"https:\/\/willizblog.de\/index.php?rest_route=\/wp\/v2\/posts\/971"}],"collection":[{"href":"https:\/\/willizblog.de\/index.php?rest_route=\/wp\/v2\/posts"}],"about":[{"href":"https:\/\/willizblog.de\/index.php?rest_route=\/wp\/v2\/types\/post"}],"author":[{"embeddable":true,"href":"https:\/\/willizblog.de\/index.php?rest_route=\/wp\/v2\/users\/1"}],"replies":[{"embeddable":true,"href":"https:\/\/willizblog.de\/index.php?rest_route=%2Fwp%2Fv2%2Fcomments&post=971"}],"version-history":[{"count":0,"href":"https:\/\/willizblog.de\/index.php?rest_route=\/wp\/v2\/posts\/971\/revisions"}],"wp:attachment":[{"href":"https:\/\/willizblog.de\/index.php?rest_route=%2Fwp%2Fv2%2Fmedia&parent=971"}],"wp:term":[{"taxonomy":"category","embeddable":true,"href":"https:\/\/willizblog.de\/index.php?rest_route=%2Fwp%2Fv2%2Fcategories&post=971"},{"taxonomy":"post_tag","embeddable":true,"href":"https:\/\/willizblog.de\/index.php?rest_route=%2Fwp%2Fv2%2Ftags&post=971"}],"curies":[{"name":"wp","href":"https:\/\/api.w.org\/{rel}","templated":true}]}}