{"id":9715,"date":"2016-05-31T09:37:31","date_gmt":"2016-05-31T09:37:31","guid":{"rendered":"http:\/\/willizblog.de\/?p=9715"},"modified":"2016-05-31T09:37:31","modified_gmt":"2016-05-31T09:37:31","slug":"quo-vadis-werder","status":"publish","type":"post","link":"https:\/\/willizblog.de\/?p=9715","title":{"rendered":"Quo vadis, Werder?"},"content":{"rendered":"<p>Auch wenn <a href=\"https:\/\/www.willizblog.de\/?p=9697\" target=\"_blank\">es absehbar war<\/a>, so kam es trotzdem einem Paukenschlag gleich: Der Machtkampf in der Trainerfrage zwischen Marco Bode (Aufsichtsratschef und Pro Skripnik) und Eichin (Sportchef und Kontra Skripnik) f\u00fchrte wie bekannt zur sofortigen Entlassung von Thomas Eichin. Als Nachfolger wurde Frank Baumann installiert.<\/p>\n<p>Nein, an der Trainerfrage sei es nicht allein gelegen gewesen. Es d\u00fcrften Meinungsverschiedenheiten grunds\u00e4tzlicher Art (\u201eWerder-Weg\u201c) den Ausschlag zur Entlassung des  Sportchefs gegeben haben. Aber was genau, davon mag keiner der Werder-Verantwortlichen sprechen. Immerhin hat Eichin den Verein finanziell konsolidiert, ist aber ohne Krach im gegenseitigen Einvernehmen, wie man so sch\u00f6n sagt, gegangen.<\/p>\n<p>Werder schickte den Nicht-Bremer Thomas Eichin weg und holte sich Ehrenspielf\u00fchrer Baumann. Au\u00dferdem k\u00f6nnte Tim Borowski der Sportdirektor an der Seite von Neu-Gesch\u00e4ftsf\u00fchrer Frank Baumann werden. Werder macht auf Family! Das erinnert nat\u00fcrlich an den FC Bayern, der bis heute von ehemaligen Spielern geleitet wird (Beckenbauer, immer noch Karl-Heinz Rummenigge und bald wieder Uli Hoene\u00df).<\/p>\n<p><img src=\"https:\/\/www.willizblog.de\/images\/werder1516_st34_frankfurt_1_0_werderfans.jpg\" alt=\"Quo vadis, SV Werder Bremen? Wohin gehst Du?\" title=\"Quo vadis, SV Werder Bremen? Wohin gehst Du?\" \/><\/p>\n<p>Inzwischen wurde Frank Baumann den Medien vorgestellt und hat sich dabei <a href=\"http:\/\/www.kreiszeitung.de\/werder-bremen\/werder-bremen-baumann-gleich-klarer-kante-weiter-skripnik-6436849.html\" target=\"_blank\">klar f\u00fcr Viktor Skripnik<\/a> als Trainer ausgesprochen. Ja, an eine Vertragsverl\u00e4ngerung wird bereits gedacht. Auch k\u00fcndigte der neue Gesch\u00e4ftsf\u00fchrer Sport weitere Entscheidungen an, z.B. die Verkleinerung des Kaders von 36 Lizenzspielern auf 25 oder 26.<\/p>\n<p>Um einen Verbleib von Innenverteidiger <a href=\"http:\/\/www.kreiszeitung.de\/werder-bremen\/werder-bremen-baumann-kaempft-vestergaard-6430894.html\" target=\"_blank\">Vestergaard will Baumann k\u00e4mpfen<\/a>. Dessen Wechsel zu Borussia M\u00f6nchengladbach ist noch lange nicht perfekt. Aber dann kommt da auch gleich das n\u00e4chste Problem: <a href=\"http:\/\/www.kreiszeitung.de\/werder-bremen\/werder-bremen-manager-frank-baumann-fliegt-zlatko-junuzovic-em-trainingslager-6444147.html\" target=\"_blank\">Zlatko Junuzovic<\/a>, der sich gegen Skripnik als Trainer ausgesprochen hat, denkt laut \u00fcber einen Vereinswechsel nach der Fu\u00dfball-Europameisterschaft nach. Baumann wird Werders Leistungstr\u00e4ger und F\u00fchrungsspieler im EM-Trainingslager der \u00d6sterreicher besuchen. Immerhin sollte <a href=\"http:\/\/www.kreiszeitung.de\/werder-bremen\/werder-bremen-luca-caldirola-wird-wichtige-rolle-spielen-6446161.html\" target=\"_blank\">Luca Caldirola<\/a>, der an Darmstadt 98 ausgeliehen und dort eine Stammkraft war, an die Weser zur\u00fcckkehren. Er stand in Darmstadt bei allen 34 Partien in der Startelf. Und da Werder Bremen nach dem Verlust von Papy Djilobodji (sehr wahrscheinlich zur\u00fcck zum FC Chelsea) einen Linksfu\u00df in der Innenverteidigung braucht, kommt Caldirola wie gerufen. Auch sonst <a href=\"http:\/\/www.kreiszeitung.de\/werder-bremen\/werder-bremen-wechselgeruechte-rund-werder-6447088.html\" target=\"_blank\">tut sich einiges<\/a>.<\/p>\n<p>Es bleibt also weiterhin st\u00fcrmisch an der Weser. Viele fragen sich, <a href=\"https:\/\/de.wikipedia.org\/wiki\/Quo_vadis%3F\" target=\"_blank\">wohin der Weg f\u00fchren wird<\/a>. F\u00fcr Baumann geht es jetzt darum, Werder wieder nach oben zu f\u00fchren. Da wartet in der Sommerpause viel Arbeit auf ihn. Sollten Vestergaard und Junuzovic allerdings gehen und es wird kein ad\u00e4quater Ersatz geschaffen, dann d\u00fcrften sich die st\u00fcrmischen Winde kaum legen. Das Werder-Schiff droht zu kentern.<\/p>\n<p>siehe auch: <a href=\"http:\/\/www.kreiszeitung.de\/werder-bremen\/werder-bremen-liveticker-news-rund-neben-platz-6303383.html\" target=\"_blank\">Werder-Ticker bei kreiszeitung.de<\/a><\/p>\n","protected":false},"excerpt":{"rendered":"<p>Auch wenn es absehbar war, so kam es trotzdem einem Paukenschlag gleich: Der Machtkampf in der Trainerfrage zwischen Marco Bode (Aufsichtsratschef und Pro Skripnik) und Eichin (Sportchef und Kontra Skripnik) f\u00fchrte wie bekannt zur sofortigen Entlassung von Thomas Eichin. Als Nachfolger wurde Frank Baumann installiert. Nein, an der Trainerfrage sei es nicht allein gelegen gewesen. &hellip; <a href=\"https:\/\/willizblog.de\/?p=9715\" class=\"more-link\"><span class=\"screen-reader-text\">Quo vadis, Werder?<\/span> weiterlesen <span class=\"meta-nav\">&rarr;<\/span><\/a><\/p>\n","protected":false},"author":1,"featured_media":0,"comment_status":"open","ping_status":"open","sticky":false,"template":"","format":"standard","meta":[],"categories":[27],"tags":[],"_links":{"self":[{"href":"https:\/\/willizblog.de\/index.php?rest_route=\/wp\/v2\/posts\/9715"}],"collection":[{"href":"https:\/\/willizblog.de\/index.php?rest_route=\/wp\/v2\/posts"}],"about":[{"href":"https:\/\/willizblog.de\/index.php?rest_route=\/wp\/v2\/types\/post"}],"author":[{"embeddable":true,"href":"https:\/\/willizblog.de\/index.php?rest_route=\/wp\/v2\/users\/1"}],"replies":[{"embeddable":true,"href":"https:\/\/willizblog.de\/index.php?rest_route=%2Fwp%2Fv2%2Fcomments&post=9715"}],"version-history":[{"count":0,"href":"https:\/\/willizblog.de\/index.php?rest_route=\/wp\/v2\/posts\/9715\/revisions"}],"wp:attachment":[{"href":"https:\/\/willizblog.de\/index.php?rest_route=%2Fwp%2Fv2%2Fmedia&parent=9715"}],"wp:term":[{"taxonomy":"category","embeddable":true,"href":"https:\/\/willizblog.de\/index.php?rest_route=%2Fwp%2Fv2%2Fcategories&post=9715"},{"taxonomy":"post_tag","embeddable":true,"href":"https:\/\/willizblog.de\/index.php?rest_route=%2Fwp%2Fv2%2Ftags&post=9715"}],"curies":[{"name":"wp","href":"https:\/\/api.w.org\/{rel}","templated":true}]}}