{"id":9718,"date":"2016-06-06T11:20:10","date_gmt":"2016-06-06T11:20:10","guid":{"rendered":"http:\/\/willizblog.de\/?p=9718"},"modified":"2016-06-06T11:20:10","modified_gmt":"2016-06-06T11:20:10","slug":"der-runde-wahnsinn","status":"publish","type":"post","link":"https:\/\/willizblog.de\/?p=9718","title":{"rendered":"Der \u201arunde\u2018 Wahnsinn"},"content":{"rendered":"<p>Geld regiert die Welt. L\u00e4ngst auch die Fu\u00dfballwelt. Die Spieler im Profigesch\u00e4ft werden an Marktwerten bemessen, die horrende H\u00f6hen erreicht haben. So genannte Abl\u00f6sesumme erreichen H\u00f6chstwerte, die ins Unermessliche zu steigen scheinen. Es werden Geh\u00e4lter gezahlt, die kaum der Leistung, die daf\u00fcr erbracht wird, entsprechen.<\/p>\n<p>So trennt sich schnell die Spreu vom Weizen. Es gibt wenige gro\u00dfe Vereine in Europa, die bei diesem H\u00f6henrausch mithalten k\u00f6nnen. Und viele kleine Vereine in den ersten Ligen, die sich m\u00fchselig \u00fcber Wasser halten. Diese k\u00f6nnen nur auf Nachwuchs setzen, auf den eigenen oder auf Nachwuchs, der durch Scouts, die in alle Himmelsrichtung ausschw\u00e4rmen, gesucht und vielleicht gefunden wird, wenn er nicht l\u00e4ngst durch die Scoutabteilung der gro\u00dfen Vereine gesichtet und an Land gezogen wurde.<\/p>\n<p>Aber selbst f\u00fcr Nachwuchskr\u00e4fte werden bereits Summen gezahlt, die unsereiner zum Kopfsch\u00fctteln einladen. So geht <a href=\"http:\/\/www.transfermarkt.de\/ousmane-dembele\/profil\/spieler\/288230\" target=\"_blank\">Ousmane Demb\u00e9l\u00e9<\/a>, 19 Jahre jung, von Stade Rennes f\u00fcr 8 Millionen \u20ac an Borussia Dortmund. Oder gar <a href=\"http:\/\/www.transfermarkt.de\/renato-sanches\/profil\/spieler\/258027\" target=\"_blank\">Renato Sanches<\/a>, 18 Jahre jung, von Benfica Lissabon f\u00fcr 35 Millionen \u20ac an die Bayern.<\/p>\n<p>Besonders die Mannschaften der englischen Premier League haben keine Scheu, Spieler weit \u00fcber Marktwert aus anderen Ligen zu kaufen (z.B. <a href=\"http:\/\/www.transfermarkt.de\/granit-xhaka\/profil\/spieler\/111455\" target=\"_blank\">Granit Xhaka<\/a> von Borussia M\u00f6nchengladbach an den FC Arsenal in London).  Die hohen Erl\u00f6se aus TV-Rechten machen das m\u00f6glich.<\/p>\n<p>Und es kommt noch \u201abunter\u2018. Der Transfer von Spielern bzw. die Gestaltung mancher Spielervertr\u00e4ge schl\u00e4gt seltsame Bl\u00fcten. So will der  AS Rom, der die Kaufoption f\u00fcr Nationalspieler <a href=\"http:\/\/www.transfermarkt.de\/antonio-rudiger\/profil\/spieler\/86202\" target=\"_blank\">Antonio R\u00fcdiger<\/a> (23) vom VfB Stuttgart gezogen hat, den Innenverteidiger angeblich wieder weiterverkaufen. Laut \u201eCorriere dello Sport\u201c m\u00f6chte der Hauptstadtklub R\u00fcdiger, f\u00fcr den die R\u00f6mer eine Abl\u00f6sesumme von neun Millionen Euro zahlen, f\u00fcr mindestens den doppelten Preis auf den Markt bringen. Schon innerhalb eines Monats rechnet AS Rom mit R\u00fcdigers Weiterverkauf. Borussia Dortmund, der FC Chelsea, der FC Liverpool und Paris Saint-Germain sind laut des Blattes an R\u00fcdiger interessiert. Es geht also gar nicht um den Spieler, es geht allein ums Geld!<\/p>\n<p>Der armenische St\u00fcrmer <a href=\"http:\/\/www.transfermarkt.de\/henrikh-mkhitaryan\/profil\/spieler\/55735\" target=\"_blank\">Henrich Mchitarjan<\/a> hat das Angebot zur Verl\u00e4ngerung seines 2017 auslaufenden Vertrags bei Borussia Dortmund abgelehnt. &#8222;Warum sollten wir jetzt verl\u00e4ngern? Micki hat noch einen Vertrag und wir denken weiter \u00fcber seine Zukunft nach&#8220;, wird Mino Raiola zitiert, Spielerberater des 27-J\u00e4hrigen. BVB-Boss Watzke kommentierte: &#8222;Dazu sage ich nichts.&#8220; Der Armenier fordert offenbar eine doppelte Ausstiegsklausel. Laut \u201ekicker\u201c will er bei Anfragen von Top-Klubs wechseln d\u00fcrfen und soll eine Klausel verlangen, wonach er wechseln darf, wenn Tuchel nicht mehr BVB-Trainer ist. Eine Ausstiegsklausel, die an den Trainer gekoppelt ist, ist wahrlich neu, oder?<\/p>\n<ul><img src=\"https:\/\/www.willizblog.de\/images\/uefa_euro2016.png\" alt=\"UEFA Euro 2016 in Frankreich\" title=\"UEFA Euro 2016 in Frankreich\" \/><\/ul>\n<p>Was Werder Bremen anbelangt, so wird <a href=\"http:\/\/www.transfermarkt.de\/jannik-vestergaard\/profil\/spieler\/99331\" target=\"_blank\">Jannik Vestergaard<\/a> die Bremer in Richtung M\u00f6nchengladbach verlassen. Dort wird er in der n\u00e4chsten Saison international spielen k\u00f6nnen. Bei <a href=\"http:\/\/www.transfermarkt.de\/zlatko-junuzovic\/profil\/spieler\/31007\" target=\"_blank\">Zlatko Junuzovic<\/a> ist es noch offen, ob er an der Weser bleibt oder nicht. Immerhin hat er bei der am Freitag startenden <a href=\"https:\/\/de.wikipedia.org\/wiki\/Fu%C3%9Fball-Europameisterschaft_2016\" target=\"_blank\">Fu\u00dfball-EM in Frankreich<\/a> die M\u00f6glichkeit, sich in der \u00f6sterreichischen Mannschaft durch gute Leistungen f\u00fcr einen anderen Verein zu empfehlen.<\/p>\n<p>Es ist der Wahnsinn, der runde, der fu\u00dfballrunde, der den Profifu\u00dfball in Europa heimsucht. Kein Wunder, wenn immer mehr Fans \u201aihren\u2018 Vereinen den R\u00fccken kehren. Wie soll man sich mit einer Mannschaft identifizieren k\u00f6nnen, die sich selbst kaum oder meist gar nicht in dem Verein, f\u00fcr den sie spielt, wiedererkennt. Wie gesagt: <em>Geld regiert die Welt. Eben auch die Fu\u00dfballwelt!<\/em><\/p>\n","protected":false},"excerpt":{"rendered":"<p>Geld regiert die Welt. L\u00e4ngst auch die Fu\u00dfballwelt. Die Spieler im Profigesch\u00e4ft werden an Marktwerten bemessen, die horrende H\u00f6hen erreicht haben. So genannte Abl\u00f6sesumme erreichen H\u00f6chstwerte, die ins Unermessliche zu steigen scheinen. Es werden Geh\u00e4lter gezahlt, die kaum der Leistung, die daf\u00fcr erbracht wird, entsprechen. So trennt sich schnell die Spreu vom Weizen. Es gibt &hellip; <a href=\"https:\/\/willizblog.de\/?p=9718\" class=\"more-link\"><span class=\"screen-reader-text\">Der \u201arunde\u2018 Wahnsinn<\/span> weiterlesen <span class=\"meta-nav\">&rarr;<\/span><\/a><\/p>\n","protected":false},"author":1,"featured_media":0,"comment_status":"open","ping_status":"open","sticky":false,"template":"","format":"standard","meta":[],"categories":[4,27],"tags":[],"_links":{"self":[{"href":"https:\/\/willizblog.de\/index.php?rest_route=\/wp\/v2\/posts\/9718"}],"collection":[{"href":"https:\/\/willizblog.de\/index.php?rest_route=\/wp\/v2\/posts"}],"about":[{"href":"https:\/\/willizblog.de\/index.php?rest_route=\/wp\/v2\/types\/post"}],"author":[{"embeddable":true,"href":"https:\/\/willizblog.de\/index.php?rest_route=\/wp\/v2\/users\/1"}],"replies":[{"embeddable":true,"href":"https:\/\/willizblog.de\/index.php?rest_route=%2Fwp%2Fv2%2Fcomments&post=9718"}],"version-history":[{"count":0,"href":"https:\/\/willizblog.de\/index.php?rest_route=\/wp\/v2\/posts\/9718\/revisions"}],"wp:attachment":[{"href":"https:\/\/willizblog.de\/index.php?rest_route=%2Fwp%2Fv2%2Fmedia&parent=9718"}],"wp:term":[{"taxonomy":"category","embeddable":true,"href":"https:\/\/willizblog.de\/index.php?rest_route=%2Fwp%2Fv2%2Fcategories&post=9718"},{"taxonomy":"post_tag","embeddable":true,"href":"https:\/\/willizblog.de\/index.php?rest_route=%2Fwp%2Fv2%2Ftags&post=9718"}],"curies":[{"name":"wp","href":"https:\/\/api.w.org\/{rel}","templated":true}]}}