{"id":9720,"date":"2016-06-10T05:50:53","date_gmt":"2016-06-10T05:50:53","guid":{"rendered":"http:\/\/willizblog.de\/?p=9720"},"modified":"2016-06-10T05:50:53","modified_gmt":"2016-06-10T05:50:53","slug":"worte-zum-wochenende-23-kw-2016","status":"publish","type":"post","link":"https:\/\/willizblog.de\/?p=9720","title":{"rendered":"Worte zum Wochenende (23. KW 2016)"},"content":{"rendered":"<p><strong>Vorwort:<\/strong> Gestern fand ja die Informationsveranstaltung der <a href=\"http:\/\/www.pgn-architekten.de\/de\" target=\"_blank\">Planungsgemeinschaft Nord GmbH aus Rotenburg (PGN)<\/a> zum Bauvorhaben \u201eAm Bahnhof 9\/9a\u201c in Tostedt statt (siehe: <a href=\"https:\/\/www.willizblog.de\/?p=9708\" target=\"_blank\">Abriss von \u201cTostedts Schandfleck\u201d &#8211; Teil 3<\/a>). Dazu sp\u00e4ter mehr. Ich muss mindestens noch einige N\u00e4chte dar\u00fcber schlafen. Au\u00dferdem m\u00f6chte ich etwas Material zu den architektonischen \u201aMeisterleistungen\u2018, die in letzter Zeit in Tostedt entstanden, sammeln und hier zu Vergleichszwecken dokumentieren.<\/p>\n<p>Schon wieder steht das Wochenende vor der T\u00fcr (Betonung liegt auf: Wochenende, leider nicht so sehr auf: schon wieder)! Und Juni ist es bereits geworden. Da winkt in nicht mehr so weiter Ferne der Urlaub, der sommerliche.<\/p>\n<p><img src=\"https:\/\/www.willizblog.de\/images\/willizblog_worte_zum_wochenende.jpg\" alt=\"Worte zum Wochenende (23. KW 2016 \u2013 WilliZBlog)\" title=\"Worte zum Wochenende (23. KW 2016 \u2013 WilliZBlog)\" \/><\/p>\n<p>Apropos Sommer: Im April hatten wir ja bereits eine ganze Woche Hochsommerwetter. Der Mai war eher durchwachsen. Und seit Ende Mai ist es zwar wieder hochsommerlich, allerdings mit gro\u00dfen Sch\u00f6nheitsfehlern: Unwetter ziehen \u00fcber Deutschland und sch\u00e4digen sowohl Leib wie Gut &#8211; und ein Ende ist irgendwie nicht in Sicht. Sollte der ganze Sommer so werden? Ich hoffe nicht \u2026<\/p>\n<p>Auch in Frankreich haben Unwetter gro\u00dfe Sch\u00e4den angerichtet. Der Pegelstand der Seine war so hoch wie lange nicht mehr. Und heute beginnt die Fu\u00dfballeuropameisterschaft der M\u00e4nner, kurz Euro 2016 genannt, mit dem Spiel des Gastgebers Frankreich gegen Rum\u00e4nien.<\/p>\n<ul><img src=\"https:\/\/www.willizblog.de\/images\/uefa_euro2016.png\" alt=\"UEFA Euro 2016 in Frankreich\" title=\"UEFA Euro 2016 in Frankreich\" \/><\/ul>\n<p>Es ist nicht nur das Wetter, das diese EM eintr\u00fcben k\u00f6nnte. Da sind die <a href=\"http:\/\/www.sueddeutsche.de\/wirtschaft\/streiks-graetsche-der-gewerkschaften-1.3025477\" target=\"_blank\">Streiks<\/a> (u.a. bei der Bahn und der Fluggesellschaft Air France), die zu erheblichen Beeintr\u00e4chtigungen f\u00fchren k\u00f6nnen. Und \u00fcber allem schwebt das <a href=\"https:\/\/de.wikipedia.org\/wiki\/Damokles\" target=\"_blank\"><em>Schwert des Damokles<\/em><\/a>: die Gefahr von Terroranschl\u00e4gen.<\/p>\n<p>Zu dem ganzen Kommerz auch dieser sportlichen Gro\u00dfveranstaltung heute kein Wort. Aber doch noch ein Wort zu Gauland und der von ihm entfachten Nachbarschaftsdiskussion. Als die <a href=\"https:\/\/willizblog.de\/?p=8797\" target=\"_blank\">GDL den Bahnverkehr in Deutschland lahmlegte<\/a>, kam der Autoverleiher <a href=\"http:\/\/www.wiwo.de\/unternehmen\/dienstleister\/sixt-die-aufsehenerregendsten-kampagnen-des-autovermieters\/4698790.html\" target=\"_blank\">Sixt<\/a> auf die Idee zu einer witzigen Werbekampagne:<\/p>\n<p><img src=\"https:\/\/www.willizblog.de\/images\/sixt_weselsky.jpg\" alt=\"GDL-Unget\u00fcm Weselsky\" title=\"GDL-Unget\u00fcm Weselsky\" \/><\/p>\n<p>Jetzt ist Herr Gauland, AfD-Vize und an <a href=\"http:\/\/www.ndr.de\/fernsehen\/sendungen\/extra_3\/Christian-Ehring-zur-AfDemenz-von-Gauland,extra11528.html\" target=\"_blank\">AfDemenz<\/a> leidend, zum Gegenstand des Gesp\u00f6tts ebenfalls bei Sixt geworden. <\/p>\n<p><img src=\"https:\/\/www.willizblog.de\/images\/sixt_gauland.jpg\" alt=\"AfD-Unget\u00fcm Gauland\" title=\"AfD-Unget\u00fcm Gauland\" \/><\/p>\n<p>Und das ein politisches Statement nicht immer komplex sein muss, sondern auch \u2018ohne Worte\u2019 voll ins Schwarze treffen kann, hat der CDU-Abgeordnete im Landtag von Brandenburg, <em>Sven Petke<\/em>, bewiesen. Als <a href=\"http:\/\/blog.zeit.de\/teilchen\/2016\/06\/08\/alexander-gauland-cdu-sven-petke-jerome-boateng\/\" target=\"_blank\">Sitznachbar von Herr Gauland<\/a> muss dieser es nun ertragen, einen Nachbarn zu haben, den er eigentlich nicht will (gilt wohl f\u00fcr Herrn Petke wie Herrn Gauland):<\/p>\n<p><iframe loading=\"lazy\" src=\"https:\/\/www.facebook.com\/plugins\/post.php?href=https%3A%2F%2Fwww.facebook.com%2Fihre.sz%2Fposts%2F1053374971420548%3A0&#038;width=500\" width=\"500\" height=\"455\" style=\"border:none;overflow:hidden\" scrolling=\"no\" frameborder=\"0\" allowTransparency=\"true\"><\/iframe><\/p>\n<p>Nun Deutschland greift am Sonntagabend ab 21 Uhr ins EM-Geschehen ein. Es geht dann gegen die Ukraine und das sicherlich auch mit J\u00e9r\u00f4me Boateng!<\/p>\n<p><a href=\"https:\/\/willizblog.de\/?p=9702\" target=\"_blank\">(letzte) <strong>Worte zum Wochenende (20. KW 2016)<\/strong><\/a><\/p>\n","protected":false},"excerpt":{"rendered":"<p>Vorwort: Gestern fand ja die Informationsveranstaltung der Planungsgemeinschaft Nord GmbH aus Rotenburg (PGN) zum Bauvorhaben \u201eAm Bahnhof 9\/9a\u201c in Tostedt statt (siehe: Abriss von \u201cTostedts Schandfleck\u201d &#8211; Teil 3). Dazu sp\u00e4ter mehr. Ich muss mindestens noch einige N\u00e4chte dar\u00fcber schlafen. Au\u00dferdem m\u00f6chte ich etwas Material zu den architektonischen \u201aMeisterleistungen\u2018, die in letzter Zeit in Tostedt &hellip; <a href=\"https:\/\/willizblog.de\/?p=9720\" class=\"more-link\"><span class=\"screen-reader-text\">Worte zum Wochenende (23. KW 2016)<\/span> weiterlesen <span class=\"meta-nav\">&rarr;<\/span><\/a><\/p>\n","protected":false},"author":1,"featured_media":0,"comment_status":"open","ping_status":"open","sticky":false,"template":"","format":"standard","meta":[],"categories":[16,39,11],"tags":[],"_links":{"self":[{"href":"https:\/\/willizblog.de\/index.php?rest_route=\/wp\/v2\/posts\/9720"}],"collection":[{"href":"https:\/\/willizblog.de\/index.php?rest_route=\/wp\/v2\/posts"}],"about":[{"href":"https:\/\/willizblog.de\/index.php?rest_route=\/wp\/v2\/types\/post"}],"author":[{"embeddable":true,"href":"https:\/\/willizblog.de\/index.php?rest_route=\/wp\/v2\/users\/1"}],"replies":[{"embeddable":true,"href":"https:\/\/willizblog.de\/index.php?rest_route=%2Fwp%2Fv2%2Fcomments&post=9720"}],"version-history":[{"count":0,"href":"https:\/\/willizblog.de\/index.php?rest_route=\/wp\/v2\/posts\/9720\/revisions"}],"wp:attachment":[{"href":"https:\/\/willizblog.de\/index.php?rest_route=%2Fwp%2Fv2%2Fmedia&parent=9720"}],"wp:term":[{"taxonomy":"category","embeddable":true,"href":"https:\/\/willizblog.de\/index.php?rest_route=%2Fwp%2Fv2%2Fcategories&post=9720"},{"taxonomy":"post_tag","embeddable":true,"href":"https:\/\/willizblog.de\/index.php?rest_route=%2Fwp%2Fv2%2Ftags&post=9720"}],"curies":[{"name":"wp","href":"https:\/\/api.w.org\/{rel}","templated":true}]}}