{"id":9736,"date":"2016-06-23T09:24:26","date_gmt":"2016-06-23T09:24:26","guid":{"rendered":"http:\/\/willizblog.de\/?p=9736"},"modified":"2016-06-23T09:24:26","modified_gmt":"2016-06-23T09:24:26","slug":"afram-island","status":"publish","type":"post","link":"https:\/\/willizblog.de\/?p=9736","title":{"rendered":"\u00c1fram \u00cdsland!"},"content":{"rendered":"<p>Eigentlich wollte ich hier etwas \u00fcber die maue Torausbeute bei der <a href=\"https:\/\/de.wikipedia.org\/wiki\/Fu%C3%9Fball-Europameisterschaft_2016\" target=\"_blank\">Euro 2016 in Frankreich<\/a> schreiben. Und wie so mancher Fu\u00dfballstar nicht die Kurve bekommt:<\/p>\n<p><em>Bisher war es eine Meisterschaft der Kollektive. So konnten sich Mannschaften wie Nordirland, Island oder Irland (ja, auch die!) f\u00fcrs Achtelfinale qualifizieren, die durch mannschaftliche Geschlossenheit \u2013 besonders in der Abwehr &#8211; \u00fcberzeugen konnten. Von den gro\u00dfen Star konnten nur wenige \u00fcberzeugen, sicherlich Andr\u00e9s Iniesta, der aber die 2:1-Nierderlage der Spanier gegen Kroatien auch nicht verhindern konnte (Sergio Ramos hatte bisher nicht seine besten Tage)  \u2013 und vielleicht Gareth Bale, der mit seinen walisischen Mannen trotz der ungl\u00fccklichen Niederlage gegen England den Gruppensieg (vor England) einfahren konnte. Und das d\u00fcrfte noch nicht das Ende sein<\/em> \u2026<\/p>\n<ul><img src=\"https:\/\/www.willizblog.de\/images\/uefa_euro2016.png\" alt=\"UEFA Euro 2016 in Frankreich\" title=\"UEFA Euro 2016 in Frankreich\" \/><\/ul>\n<p>Der gestrige Tag begann nicht besonders. Als ich aber nach Hause kam, kreuzte mein Sohn (der j\u00fcngere der beiden) freudestrahlend meine Bahn: Er hatte morgens ein Vorstellungsgespr\u00e4ch und hat ab 1. August den Job. SUPER! Und dann gab es gestern das Spiel der Isl\u00e4nder gegen \u00d6sterreich. Ein Unentschieden h\u00e4tte den Nordm\u00e4nnern zum Weiterkommen gereicht. Und nach einem Lattentreffer war es nach knapp 18 Minuten Kolbeinn Sig\u00fe\u00f3rsson, der den Ball zum 1:0 f\u00fcr Island in die Maschen des Tores jagte. Nach dem Ausgleich f\u00fcr \u00d6sterreich nach 60 Minuten schien die isl\u00e4ndische Mannschaft zu wanken. Aber die Abwehr hielt dicht. Und durch einen Konter in der Nachspielzeit gelang dann durch Arn\u00f3r Ingvi Traustason sogar noch der Siegtreffer f\u00fcr Island. \u00c1fram \u00cdsland! Vorw\u00e4rts Island! Als Gruppenzweiter \u2013 vor Portugal, geht es nun gegen England im Achtelfinale. Was f\u00fcr eine Geschichte!<\/p>\n<p><img src=\"https:\/\/www.willizblog.de\/images\/euro2016_island_fans1.jpg\" alt=\"Euro 2016 in Frankreich: Isl\u00e4ndische Fans\" title=\"Euro 2016 in Frankreich: Isl\u00e4ndische Fans\" \/><\/p>\n<p>Nat\u00fcrlich hatten die Isl\u00e4nder viel Gl\u00fcck. Aber das Gl\u00fcck ist bekanntlich mit den T\u00fcchtigen. Und \u00fcberhaupt: halb Europa hat die isl\u00e4ndische Mannschaft inzwischen adoptiert. So wie viele den Iren die D\u00e4umchen dr\u00fccken (allein schon wegen ihrer unbeschreiblichen Fans), so halten viele zu Island. Und auch Islands Fan kann man nur ins Herz schlie\u00dfen. Oder auch wie ich in einem Kommentar bei <a href=\"http:\/\/www.11freunde.de\/\" target=\"_blank\">11freunde.de<\/a> las: \u2026 <em>\u201ewenn sich die <a href=\"https:\/\/de.wikipedia.org\/wiki\/Fu%C3%9Fball-Europameisterschaft_2016\/Island#Kader\" target=\"_blank\">Mannschaftsaufstellung<\/a> schon liest wie aus \u201aWickie und die starken M\u00e4nner\u2018 kann das nur gut werden: ISLAND!\u201c<\/em> &#8211; <em>Hannes \u00de\u00f3r Halld\u00f3rsson, Ragnar Sigur\u00f0sson, Aron Gunnarsson, The\u00f3d\u00f3r Elmar Bjarnason, J\u00f3n Da\u00f0i B\u00f6\u00f0varsson<\/em> und nat\u00fcrlich <a href=\"https:\/\/de.wikipedia.org\/wiki\/Ei%C3%B0ur_Gu%C3%B0johnsen\" target=\"_blank\">Ei\u00f0ur Gu\u00f0johnsen<\/a>. Nordisch-lyrischer Singsang wie aus der <a href=\"https:\/\/de.wikipedia.org\/wiki\/Edda\" target=\"_blank\">Edda<\/a>.<\/p>\n<p>Nun auch Irland hat es geschafft. Und so d\u00fcrfen wir uns neben den Isl\u00e4ndern weiterhin auch an den Iren und ihren Fans erfreuen. Die Euro ist gottlob nicht nur ein kommerzielles, taktisch defensiv ausgerichtetes Unternehmen. Auch wenn die Iren und Isl\u00e4nder nicht immer den technisch ausgefeiltesten Fu\u00dfball bieten. Man bangt mit ihnen, h\u00e4lt die Daumen und freut sich \u00fcber jede halbwegs gelungene Aktion. Gl\u00fcckwunsch an Irland, Island \u2013 auch die Nordiren will ich nicht gegessen!<\/p>\n<p><img src=\"https:\/\/www.willizblog.de\/images\/euro2016_island_fans2.jpg\" alt=\"Euro 2016 in Frankreich: Isl\u00e4ndische Fans\" title=\"Euro 2016 in Frankreich: Isl\u00e4ndische Fans\" \/><\/p>\n<p>Gestern endet also die Gruppenphase. Damit sind bereits 36 von 51 Spielen Fu\u00dfball-Geschichte (\u00fcber 70 %). Nach zwei Tagen Pause geht\u2019s dann am Samstag mit den <a href=\"https:\/\/de.wikipedia.org\/wiki\/Fu%C3%9Fball-Europameisterschaft_2016#Achtelfinale\" target=\"_blank\">Achtelfinalspielen<\/a> in der KO-Phase weiter, und damit, ganz ehrlich, beginnt die eigentliche Europameisterschaft.<\/p>\n<p>Neben Island und Irland freut mich nat\u00fcrlich auch das bisher gute Abschneiden der walisischen Mannschaft um Superstar Gareth Bale. Ja, ich und meine Affinit\u00e4t zum \u201aNordischen\u2018 bzw. Britischen. Nicht umsonst haben meine beiden S\u00f6hne als Zweitnamen Namen aus Island (<a href=\"http:\/\/www.vorname.com\/name,Einar.html\" target=\"_blank\">Einar<\/a>) und Wales (<a href=\"http:\/\/www.vorname.com\/name,Vaughan.html\" target=\"_blank\">Vaughan<\/a> \u2013 abgeleitet von fechan = klein (Walisisch)).<\/p>\n<p>Und die KO-Phase teilt sich in zwei Str\u00e4nge, wobei sich die Favoriten schon vor dem Finale eliminieren werden: Was haben Spanien, Italien, England, Frankreich und Deutschland gemeinsam? Diese EM-Mitfavoriten werden sich schon vor dem Finale begegnen und gegenseitig ausschalten. Die Chance, dass es dagegen ein vermeintlicher Au\u00dfenseiter ins Finale schafft, ist gr\u00f6\u00dfer denn je (Schweiz, Polen, Kroatien, Portugal oder Belgien).<\/p>\n<p>Mit <em>Zlatan Ibrahimovi\u0107<\/em> (Schweden) und <em>Tom\u00e1\u0161 Rosick\u00fd<\/em> (Tschechien) haben sich zwei Altstars bereits von der Euro 2016 verabschiedet. Hinzu kommt <em>Zlatko Junuzovi\u0107<\/em> (\u00d6sterreich), der durch eine Verletzung und dann durch das fr\u00fche Ausscheiden seiner Mannschaft leider nicht auf sich hat aufmerksam machen k\u00f6nnen. Vielleicht ganz gut f\u00fcr den SV Werder Bremen, denn dann wird ihm wohl nichts anderes \u00fcbrig bleiben, als in Bremen zu bleiben. <\/p>\n<p>Gestern ist wohl der Knoten bei <em>Cristiano Ronaldo<\/em> (Portugal) geplatzt. Mit zwei sehenswerten Toren meldete er sich und Portugal zur\u00fcck im Euro-Geschehen. Bei anderen ist es noch nicht soweit: <em>Robert Lewandowski<\/em> (Polen) und <em>Paul Pogba<\/em> (Frankreich) entt\u00e4uschten bisher. <em>Luka Modri\u0107<\/em> (Kroatien) muss sich auch erst noch beweisen (war zuletzt verletzt ausgeschieden).<\/p>\n<p>Und Russland, der Gastgeber der n\u00e4chsten <a href=\"https:\/\/de.wikipedia.org\/wiki\/Fu%C3%9Fball-Weltmeisterschaft_2018\" target=\"_blank\">Weltmeisterschaft 2018<\/a>? Die zweit\u00e4lteste Mannschaft (nach Italien) schied sang- und klanglos aus. Es reichte nur zu einem Unentschieden gegen England. Lediglich die brutalen russischen Hooligans machten auf sich aufmerksam. Mich wundert es, dass Putin nicht l\u00e4ngst eingegriffen hat, um den russischen Fu\u00dfball auf den \u201arichtigen Weg\u2018 zu bringen. Ein Umbruch der Mannschaft zwei Jahre vor der WM kommt reichlich sp\u00e4t. Und die Gefahr vor gewaltbereiten Hooligans? Das wird Putin allerdings schon zu regeln wissen. Notfalls wandern die in den Knast. Oder mit ihren guten Kontakten zur Politik werden sie sich schon ruhig verhalten (vielleicht d\u00fcrfen sie auch mit Duldung h\u00f6chster Stellen den einen oder andern schwulen Fu\u00dfballfan \u201azur Raison\u2018 bringen).<\/p>\n<p>Am Samstag geht\u2019s also weiter. Nat\u00fcrlich gucke ich auch die Spiele der deutschen Mannschaft. Ich sehe da noch reichlich Steigerungspotential. Aber das deutsche Team ist bekanntlich eine Turniermannschaft und hat sich immer zur rechten Zeit \u2013 von kleinen H\u00e4ngern abgesehen \u2013 finden k\u00f6nnen. Die Slowakei ist der n\u00e4chste Gegner (Sonntag, 26.06., um 18 Uhr), gegen die es allerdings in der Vorbereitung eine 1:3-Niederlage hagelte.<\/p>\n","protected":false},"excerpt":{"rendered":"<p>Eigentlich wollte ich hier etwas \u00fcber die maue Torausbeute bei der Euro 2016 in Frankreich schreiben. Und wie so mancher Fu\u00dfballstar nicht die Kurve bekommt: Bisher war es eine Meisterschaft der Kollektive. So konnten sich Mannschaften wie Nordirland, Island oder Irland (ja, auch die!) f\u00fcrs Achtelfinale qualifizieren, die durch mannschaftliche Geschlossenheit \u2013 besonders in der &hellip; <a href=\"https:\/\/willizblog.de\/?p=9736\" class=\"more-link\"><span class=\"screen-reader-text\">\u00c1fram \u00cdsland!<\/span> weiterlesen <span class=\"meta-nav\">&rarr;<\/span><\/a><\/p>\n","protected":false},"author":1,"featured_media":0,"comment_status":"open","ping_status":"open","sticky":false,"template":"","format":"standard","meta":[],"categories":[39],"tags":[],"_links":{"self":[{"href":"https:\/\/willizblog.de\/index.php?rest_route=\/wp\/v2\/posts\/9736"}],"collection":[{"href":"https:\/\/willizblog.de\/index.php?rest_route=\/wp\/v2\/posts"}],"about":[{"href":"https:\/\/willizblog.de\/index.php?rest_route=\/wp\/v2\/types\/post"}],"author":[{"embeddable":true,"href":"https:\/\/willizblog.de\/index.php?rest_route=\/wp\/v2\/users\/1"}],"replies":[{"embeddable":true,"href":"https:\/\/willizblog.de\/index.php?rest_route=%2Fwp%2Fv2%2Fcomments&post=9736"}],"version-history":[{"count":0,"href":"https:\/\/willizblog.de\/index.php?rest_route=\/wp\/v2\/posts\/9736\/revisions"}],"wp:attachment":[{"href":"https:\/\/willizblog.de\/index.php?rest_route=%2Fwp%2Fv2%2Fmedia&parent=9736"}],"wp:term":[{"taxonomy":"category","embeddable":true,"href":"https:\/\/willizblog.de\/index.php?rest_route=%2Fwp%2Fv2%2Fcategories&post=9736"},{"taxonomy":"post_tag","embeddable":true,"href":"https:\/\/willizblog.de\/index.php?rest_route=%2Fwp%2Fv2%2Ftags&post=9736"}],"curies":[{"name":"wp","href":"https:\/\/api.w.org\/{rel}","templated":true}]}}