{"id":975,"date":"2007-10-06T17:12:04","date_gmt":"2007-10-06T15:12:04","guid":{"rendered":"http:\/\/www.albinz.de\/blog\/?p=975"},"modified":"2008-05-17T14:59:43","modified_gmt":"2008-05-17T12:59:43","slug":"bilder-vom-flohmarkt-in-tostedt-2007","status":"publish","type":"post","link":"https:\/\/willizblog.de\/?p=975","title":{"rendered":"Bilder vom Flohmarkt in Tostedt 2007"},"content":{"rendered":"<table border=\"0\" cellspacing=\"0\" cellpadding=\"5\" width=\"100%\">\n<tbody>\n<tr>\n<td width=\"50%\" align=\"center\"><img loading=\"lazy\" src=\"https:\/\/www.willizblog.de\/albpics\/flohmarkt_tostedt2007_01.jpg\" border=\"0\" alt=\"Flohmarkt in Tostedt 2007 (\" width=\"270\" height=\"203\" \/><\/td>\n<td width=\"50%\" align=\"center\"><img loading=\"lazy\" src=\"https:\/\/www.willizblog.de\/albpics\/flohmarkt_tostedt2007_02.jpg\" border=\"0\" alt=\"Flohmarkt in Tostedt 2007 (\" width=\"270\" height=\"203\" \/><\/td>\n<\/tr>\n<tr>\n<td width=\"50%\" align=\"center\"><img loading=\"lazy\" src=\"https:\/\/www.willizblog.de\/albpics\/flohmarkt_tostedt2007_03.jpg\" border=\"0\" alt=\"Flohmarkt in Tostedt 2007 (\" width=\"270\" height=\"203\" \/><\/td>\n<td width=\"50%\" align=\"center\"><img loading=\"lazy\" src=\"https:\/\/www.willizblog.de\/albpics\/flohmarkt_tostedt2007_04.jpg\" border=\"0\" alt=\"Flohmarkt in Tostedt 2007 (\" width=\"270\" height=\"203\" \/><\/td>\n<\/tr>\n<tr>\n<td colspan=\"2\" width=\"100%\" align=\"center\"><span style=\"font-size: x-small; font-family: Lucida Grande, Lucida Sans Unicode, Verdana, sans-serif;\">Flohmarkt in Tostedt 2007 (&#8222;T\u00f6ster Markt&#8220;)<\/span><\/td>\n<\/tr>\n<tr>\n<td width=\"50%\" align=\"center\"><img loading=\"lazy\" src=\"https:\/\/www.willizblog.de\/albpics\/flohmarkt_tostedt2007_05.jpg\" border=\"0\" alt=\"Flohmarkt in Tostedt 2007 (\" width=\"270\" height=\"203\" \/><\/td>\n<td width=\"50%\" align=\"center\"><img loading=\"lazy\" src=\"https:\/\/www.willizblog.de\/albpics\/flohmarkt_tostedt2007_06.jpg\" border=\"0\" alt=\"Flohmarkt in Tostedt 2007 (\" width=\"270\" height=\"203\" \/><\/td>\n<\/tr>\n<\/tbody>\n<\/table>\n<p>In knapp einer Stunde (um 18 Uhr) schlie\u00dft der Flohmarkt in Tostedt, bei Einheimischen T\u00f6ster Markt genannt, seine Pforten. Endlich war es einmal wieder herrlichstes Herbstwetter, sodass sich ein Rundgang schon aus spaziergang-technischen Gr\u00fcnden lohnte. Hier einige Fotos, die ich heute aufgenommen habe. Oben (im gelben T-Shirt mit Jacke) meine Frau, die gewisserma\u00dfen zum Inventar des Flohmarktes geh\u00f6rt. Seit Bestehen ist sie dabei (mit wenigen Ausnahmen, z.B. Geburt unserer Kinder).<\/p>\n","protected":false},"excerpt":{"rendered":"<p>Flohmarkt in Tostedt 2007 (&#8222;T\u00f6ster Markt&#8220;) In knapp einer Stunde (um 18 Uhr) schlie\u00dft der Flohmarkt in Tostedt, bei Einheimischen T\u00f6ster Markt genannt, seine Pforten. Endlich war es einmal wieder herrlichstes Herbstwetter, sodass sich ein Rundgang schon aus spaziergang-technischen Gr\u00fcnden lohnte. Hier einige Fotos, die ich heute aufgenommen habe. Oben (im gelben T-Shirt mit Jacke) &hellip; <a href=\"https:\/\/willizblog.de\/?p=975\" class=\"more-link\"><span class=\"screen-reader-text\">Bilder vom Flohmarkt in Tostedt 2007<\/span> weiterlesen <span class=\"meta-nav\">&rarr;<\/span><\/a><\/p>\n","protected":false},"author":1,"featured_media":0,"comment_status":"closed","ping_status":"closed","sticky":false,"template":"","format":"standard","meta":[],"categories":[11],"tags":[],"_links":{"self":[{"href":"https:\/\/willizblog.de\/index.php?rest_route=\/wp\/v2\/posts\/975"}],"collection":[{"href":"https:\/\/willizblog.de\/index.php?rest_route=\/wp\/v2\/posts"}],"about":[{"href":"https:\/\/willizblog.de\/index.php?rest_route=\/wp\/v2\/types\/post"}],"author":[{"embeddable":true,"href":"https:\/\/willizblog.de\/index.php?rest_route=\/wp\/v2\/users\/1"}],"replies":[{"embeddable":true,"href":"https:\/\/willizblog.de\/index.php?rest_route=%2Fwp%2Fv2%2Fcomments&post=975"}],"version-history":[{"count":0,"href":"https:\/\/willizblog.de\/index.php?rest_route=\/wp\/v2\/posts\/975\/revisions"}],"wp:attachment":[{"href":"https:\/\/willizblog.de\/index.php?rest_route=%2Fwp%2Fv2%2Fmedia&parent=975"}],"wp:term":[{"taxonomy":"category","embeddable":true,"href":"https:\/\/willizblog.de\/index.php?rest_route=%2Fwp%2Fv2%2Fcategories&post=975"},{"taxonomy":"post_tag","embeddable":true,"href":"https:\/\/willizblog.de\/index.php?rest_route=%2Fwp%2Fv2%2Ftags&post=975"}],"curies":[{"name":"wp","href":"https:\/\/api.w.org\/{rel}","templated":true}]}}