{"id":9771,"date":"2016-07-29T07:12:23","date_gmt":"2016-07-29T07:12:23","guid":{"rendered":"http:\/\/willizblog.de\/?p=9771"},"modified":"2016-07-29T07:12:23","modified_gmt":"2016-07-29T07:12:23","slug":"davongekommen","status":"publish","type":"post","link":"https:\/\/willizblog.de\/?p=9771","title":{"rendered":"Davongekommen"},"content":{"rendered":"<p>Letzte Woche, ich hatte noch Urlaub, war ich mit meiner Frau mit den Fahrr\u00e4dern zum Eisessen in die <a href=\"https:\/\/www.facebook.com\/eisbreda\" target=\"_blank\">Breda  &#8211; Gelateria Italiana<\/a> bei uns hier in Tostedt gefahren. Die Sonne schien und so sa\u00dfen wir drau\u00dfen an einem der kleinen Tische. Das Eis ist selbstgemacht und wirklich sehr lecker.<\/p>\n<p>Diese Woche am Montag verlor ein 82-J\u00e4hriger die Kontrolle \u00fcber seinen Wagen und rammte die Eisdiele. &#8222;Gl\u00fccklicherweise war die Terrasse noch unbesetzt, so dass kein Unbeteiligter verletzt wurde&#8220;, so ein Polizeisprecher. &#8222;Die im Lokal anwesenden Personen kamen mit dem Schrecken davon.&#8220; Auch der Fahrer sei k\u00f6rperlich unverletzt geblieben. Nach Angaben des Sprechers hat er vermutlich Gas- und Bremspedal verwechselt. Beim Einparken habe er pl\u00f6tzlich Gas gegeben, sei \u00fcber den B\u00fcrgersteig und die Terrasse des Eiscaf\u00e9s gefahren und dann gegen das Geb\u00e4ude geprallt. Wahrscheinlich ist dem guten Mann zuvor die Zigarre aus dem Mund in den Schritt gefallen und dabei sein Hut ins Gesicht gerutscht. \ud83d\ude42<\/p>\n<p>Der Aufprall des Audis hat am Geb\u00e4ude schwere Sch\u00e4den verursacht. Ein Riss soll sich durch die Au\u00dfenwand ziehen. Eine besch\u00e4digte Laterne mussten Feuerwehkr\u00e4fte vor dem Umkippen sichern. Das Haus wurde weitr\u00e4umig abgesperrt. Jetzt m\u00fcssen Statiker pr\u00fcfen, ob es einsturzgef\u00e4hrdet ist oder ob der Betrieb der Eisdiele schnell wieder aufgenommen werden kann.<\/p>\n<p><img src=\"https:\/\/www.willizblog.de\/images\/tostedt2016_ins_eiscafe_gerast.jpg\" alt=\"Autofahrer rast in Eisdiele in Tostedt\" title=\"Autofahrer rast in Eisdiele in Tostedt\" \/><\/p>\n<p>Genau dort, wo wir einige Tage zuvor sa\u00dfen, fuhr das Auto in das Geb\u00e4ude. Wir waren, wenn man so will, zwar am falschen Ort, aber doch zur rechten Zeit und sind so \u201adavongekommen\u2018.<\/p>\n<p><iframe loading=\"lazy\" src=\"https:\/\/www.facebook.com\/plugins\/post.php?href=https%3A%2F%2Fwww.facebook.com%2Fwillizblog%2Fposts%2F1396973173653128&#038;width=500\" width=\"500\" height=\"646\" style=\"border:none;overflow:hidden\" scrolling=\"no\" frameborder=\"0\" allowTransparency=\"true\"><\/iframe><\/p>\n","protected":false},"excerpt":{"rendered":"<p>Letzte Woche, ich hatte noch Urlaub, war ich mit meiner Frau mit den Fahrr\u00e4dern zum Eisessen in die Breda &#8211; Gelateria Italiana bei uns hier in Tostedt gefahren. Die Sonne schien und so sa\u00dfen wir drau\u00dfen an einem der kleinen Tische. Das Eis ist selbstgemacht und wirklich sehr lecker. Diese Woche am Montag verlor ein &hellip; <a href=\"https:\/\/willizblog.de\/?p=9771\" class=\"more-link\"><span class=\"screen-reader-text\">Davongekommen<\/span> weiterlesen <span class=\"meta-nav\">&rarr;<\/span><\/a><\/p>\n","protected":false},"author":1,"featured_media":0,"comment_status":"open","ping_status":"open","sticky":false,"template":"","format":"standard","meta":[],"categories":[11],"tags":[],"_links":{"self":[{"href":"https:\/\/willizblog.de\/index.php?rest_route=\/wp\/v2\/posts\/9771"}],"collection":[{"href":"https:\/\/willizblog.de\/index.php?rest_route=\/wp\/v2\/posts"}],"about":[{"href":"https:\/\/willizblog.de\/index.php?rest_route=\/wp\/v2\/types\/post"}],"author":[{"embeddable":true,"href":"https:\/\/willizblog.de\/index.php?rest_route=\/wp\/v2\/users\/1"}],"replies":[{"embeddable":true,"href":"https:\/\/willizblog.de\/index.php?rest_route=%2Fwp%2Fv2%2Fcomments&post=9771"}],"version-history":[{"count":0,"href":"https:\/\/willizblog.de\/index.php?rest_route=\/wp\/v2\/posts\/9771\/revisions"}],"wp:attachment":[{"href":"https:\/\/willizblog.de\/index.php?rest_route=%2Fwp%2Fv2%2Fmedia&parent=9771"}],"wp:term":[{"taxonomy":"category","embeddable":true,"href":"https:\/\/willizblog.de\/index.php?rest_route=%2Fwp%2Fv2%2Fcategories&post=9771"},{"taxonomy":"post_tag","embeddable":true,"href":"https:\/\/willizblog.de\/index.php?rest_route=%2Fwp%2Fv2%2Ftags&post=9771"}],"curies":[{"name":"wp","href":"https:\/\/api.w.org\/{rel}","templated":true}]}}