{"id":979,"date":"2007-10-11T00:03:30","date_gmt":"2007-10-10T22:03:30","guid":{"rendered":"http:\/\/www.albinz.de\/blog\/?p=979"},"modified":"2007-10-11T00:03:30","modified_gmt":"2007-10-10T22:03:30","slug":"privater-emissionshandel-gefallig","status":"publish","type":"post","link":"https:\/\/willizblog.de\/?p=979","title":{"rendered":"Privater Emissionshandel gef\u00e4llig?"},"content":{"rendered":"<p>Frau Merkel hat ein hehres Ziel vor Augen: Der weltweite Aussto\u00df an CO2 soll pro Kopf und Jahr auf maximal 2 <a href=\"https:\/\/de.wikipedia.org\/wiki\/Tonne_%28Einheit%29\" target=\"_blank\">Tonnen<\/a> begrenzt werden. 2 Tonnen? Das sind immerhin 2000 kg. <\/p>\n<p>Um das Ganze m\u00f6glichst effizient zu handhaben, schlage ich vor, dass ein privater <a href=\"https:\/\/de.wikipedia.org\/wiki\/Emissionshandel\" target=\"_blank\">Emissionshandel<\/a> mit so genannten <a href=\"https:\/\/de.wikipedia.org\/wiki\/Emissionszertifikat\" target=\"_blank\">Emissionszertifikaten<\/a> eingerichtet wird. Nach jetzigem Stand entspricht eine Tonne Kohlendioxid einem Emissionszertifikat. Jeder Mensch dieser Erde bekommt also zwei Zertifikate. Produziert einer mehr als 2 Tonnen CO2, so muss er Strafe zahlen oder kann ungenutzte Zertifikate anderer kaufen. Wer weniger Emissionen erzeugt, kann seine Zertifikate entsprechend auf dem freien Markt verkaufen.<\/p>\n<p><img src=\"https:\/\/www.willizblog.de\/albpics\/klimawandel01.jpg\" alt=\"Klimawandel?!\" \/><\/p>\n<p>Wer wie meine Familie (4 Personen = 8 Tonnen CO2) <a href=\"https:\/\/www.willizblog.de\/?p=953\" target=\"_blank\">kein Auto besitzt<\/a>, ist nat\u00fcrlich gut dran. Da k\u00f6nnen wir durch Emissionshandel noch einmal kr\u00e4ftig unsere Haushaltskasse aufbessern. Okay, gelegentlich fahren wir mit der Bahn, die f\u00fcr kohlenstoffdioxid-\u00e4quivalente Emissionen sorgt, und ab und zu lassen wir auch einmal einen Pups (Abgase dieser Art werden auch entsprechend umgerechnet). Aber am Ende stehen wir mit unserer CO2-Produktion besser da als die vielen Autobesitzer.<\/p>\n<p>siehe zdf.de: <a href=\"http:\/\/www.heute.de\/ZDFheute\/inhalt\/12\/0,3672,7103276,00.html\" target=\"_blank\">Merkel will CO2-Aussto\u00df weltweit begrenzen<\/a><\/p>\n","protected":false},"excerpt":{"rendered":"<p>Frau Merkel hat ein hehres Ziel vor Augen: Der weltweite Aussto\u00df an CO2 soll pro Kopf und Jahr auf maximal 2 Tonnen begrenzt werden. 2 Tonnen? Das sind immerhin 2000 kg. Um das Ganze m\u00f6glichst effizient zu handhaben, schlage ich vor, dass ein privater Emissionshandel mit so genannten Emissionszertifikaten eingerichtet wird. Nach jetzigem Stand entspricht &hellip; <a href=\"https:\/\/willizblog.de\/?p=979\" class=\"more-link\"><span class=\"screen-reader-text\">Privater Emissionshandel gef\u00e4llig?<\/span> weiterlesen <span class=\"meta-nav\">&rarr;<\/span><\/a><\/p>\n","protected":false},"author":1,"featured_media":0,"comment_status":"open","ping_status":"closed","sticky":false,"template":"","format":"standard","meta":[],"categories":[20],"tags":[],"_links":{"self":[{"href":"https:\/\/willizblog.de\/index.php?rest_route=\/wp\/v2\/posts\/979"}],"collection":[{"href":"https:\/\/willizblog.de\/index.php?rest_route=\/wp\/v2\/posts"}],"about":[{"href":"https:\/\/willizblog.de\/index.php?rest_route=\/wp\/v2\/types\/post"}],"author":[{"embeddable":true,"href":"https:\/\/willizblog.de\/index.php?rest_route=\/wp\/v2\/users\/1"}],"replies":[{"embeddable":true,"href":"https:\/\/willizblog.de\/index.php?rest_route=%2Fwp%2Fv2%2Fcomments&post=979"}],"version-history":[{"count":0,"href":"https:\/\/willizblog.de\/index.php?rest_route=\/wp\/v2\/posts\/979\/revisions"}],"wp:attachment":[{"href":"https:\/\/willizblog.de\/index.php?rest_route=%2Fwp%2Fv2%2Fmedia&parent=979"}],"wp:term":[{"taxonomy":"category","embeddable":true,"href":"https:\/\/willizblog.de\/index.php?rest_route=%2Fwp%2Fv2%2Fcategories&post=979"},{"taxonomy":"post_tag","embeddable":true,"href":"https:\/\/willizblog.de\/index.php?rest_route=%2Fwp%2Fv2%2Ftags&post=979"}],"curies":[{"name":"wp","href":"https:\/\/api.w.org\/{rel}","templated":true}]}}