{"id":98,"date":"2005-04-09T14:00:53","date_gmt":"2005-04-09T13:00:53","guid":{"rendered":"http:\/\/www.albinz.de\/blog\/?p=98"},"modified":"2005-10-20T10:56:32","modified_gmt":"2005-10-20T08:56:32","slug":"die-gestohlende-stunde","status":"publish","type":"post","link":"https:\/\/willizblog.de\/?p=98","title":{"rendered":"Die &#8218;gestohlene&#8216; Stunde"},"content":{"rendered":"<p>Immerhin war es dieses Jahr zu Ostern, die Umstellung auf die verfluchte Sommerzeit. So hatten fast alle zwei Tage Zeit, um sich wieder darauf einzustellen. Da ich nach Ostern noch einige Tage Resturlaub aus dem Vorjahr hatte, konnte ich mich noch gem\u00e4chlicher darauf vorbereiten. Und doch: Die Stunde weniger fehlt mir besonders am Morgen, wenn es wieder dunkel ist (v\u00f6lliger Quatsch zwar, denn es ist ja einfach &#8217;nur&#8216; eine Stunde fr\u00fcher), wenn es ans Aufstehen geht, um zur Arbeit zu kommen.<\/p>\n<p>Wer f\u00fcr diesen absurden Bl\u00f6dsinn &#8218;Sommerzeit&#8216; verantwortlich ist, sollte heute noch getreten, an die Wand gestellt oder noch besser: permanent am SchlaF gehindert werden! Leiden wir nicht fast alle schon so an Schlaf- und Verdauungsst\u00f6rungen? Und vom Stromspareffekt usw. redet sowieso kein Mensch mehr. Morgens braucht man wieder Licht. Was spart man da also?!<\/p>\n<p>Nur <a href=\"https:\/\/www.albinz.net\/kolumne.html#Uns\" target=\"_blank\">unsere dumpfen Nachbarn<\/a> freuen sich \u00fcber die zus\u00e4tzliche helle Abendstunde. K\u00f6nnen sie noch eine Stunde l\u00e4nger drau\u00dfen h\u00e4ngen und der S\u00e4ufersonne (Mond!) entgegenfiebern!<\/p>\n","protected":false},"excerpt":{"rendered":"<p>Immerhin war es dieses Jahr zu Ostern, die Umstellung auf die verfluchte Sommerzeit. So hatten fast alle zwei Tage Zeit, um sich wieder darauf einzustellen. Da ich nach Ostern noch einige Tage Resturlaub aus dem Vorjahr hatte, konnte ich mich noch gem\u00e4chlicher darauf vorbereiten. Und doch: Die Stunde weniger fehlt mir besonders am Morgen, wenn &hellip; <a href=\"https:\/\/willizblog.de\/?p=98\" class=\"more-link\"><span class=\"screen-reader-text\">Die &#8218;gestohlene&#8216; Stunde<\/span> weiterlesen <span class=\"meta-nav\">&rarr;<\/span><\/a><\/p>\n","protected":false},"author":1,"featured_media":0,"comment_status":"closed","ping_status":"closed","sticky":false,"template":"","format":"standard","meta":[],"categories":[1,16],"tags":[],"_links":{"self":[{"href":"https:\/\/willizblog.de\/index.php?rest_route=\/wp\/v2\/posts\/98"}],"collection":[{"href":"https:\/\/willizblog.de\/index.php?rest_route=\/wp\/v2\/posts"}],"about":[{"href":"https:\/\/willizblog.de\/index.php?rest_route=\/wp\/v2\/types\/post"}],"author":[{"embeddable":true,"href":"https:\/\/willizblog.de\/index.php?rest_route=\/wp\/v2\/users\/1"}],"replies":[{"embeddable":true,"href":"https:\/\/willizblog.de\/index.php?rest_route=%2Fwp%2Fv2%2Fcomments&post=98"}],"version-history":[{"count":0,"href":"https:\/\/willizblog.de\/index.php?rest_route=\/wp\/v2\/posts\/98\/revisions"}],"wp:attachment":[{"href":"https:\/\/willizblog.de\/index.php?rest_route=%2Fwp%2Fv2%2Fmedia&parent=98"}],"wp:term":[{"taxonomy":"category","embeddable":true,"href":"https:\/\/willizblog.de\/index.php?rest_route=%2Fwp%2Fv2%2Fcategories&post=98"},{"taxonomy":"post_tag","embeddable":true,"href":"https:\/\/willizblog.de\/index.php?rest_route=%2Fwp%2Fv2%2Ftags&post=98"}],"curies":[{"name":"wp","href":"https:\/\/api.w.org\/{rel}","templated":true}]}}