{"id":980,"date":"2007-10-13T00:03:09","date_gmt":"2007-10-12T22:03:09","guid":{"rendered":"http:\/\/www.albinz.de\/blog\/?p=980"},"modified":"2007-10-12T14:52:12","modified_gmt":"2007-10-12T12:52:12","slug":"hasta-la-vista-vista","status":"publish","type":"post","link":"https:\/\/willizblog.de\/?p=980","title":{"rendered":"Hasta la vista, Vista!"},"content":{"rendered":"<p>Mein j\u00fcngster Sohn hat sich einen neuen Rechner zugelegt &#8211; mit <a href=\"http:\/\/support.microsoft.com\/ph\/11732\/\" target=\"_blank\">Windows Vista<\/a> und dem <a href=\"http:\/\/www.microsoft.com\/germany\/windows\/products\/windowsvista\/features\/details\/mediacenter.mspx\" target=\"_blank\">Windows Media Center<\/a>. Bisher hatte ich nicht viel Gutes von dem neuen Betriebssystem aus dem Hause Microsoft geh\u00f6rt. Jetzt nun konnte ich mich selbst davon \u00fcberzeugen, wie umst\u00e4ndlich z.B. das Handling ist, um nur einen Kritikpunkt zu nennen. Wenn Vieles bei anderen neuen Programmen gewisserma\u00dfen intuitiv vom Benutzer erfasst wird, so hilft bei Vista und Co. selbst das Handbuch nicht immer. F\u00fcr mich ist das einfach eine neue Welt, in der ich mich nicht zu Hause f\u00fchle. Und \u00fcberhaupt: Ich f\u00fchle mich geradezu entm\u00fcndigt, wenn ich mit Vista arbeite. Wann und wie ich mit dem Rechner ins Internet will,  hatte ich bisher meist selbst bestimmt. Jetzt fuhrwerkt Vista von sich aus im Internet herum, oft, ohne mir Auskunft \u00fcber sein Tun zu geben.<\/p>\n<p><img src=\"https:\/\/www.willizblog.de\/albpics\/windows_vista.jpg\" alt=\"Windows Vista\" \/><\/p>\n<p>Nun mein J\u00fcngster hatte bereits in seinem alten PC eine TV-Karte und konnte \u00fcber den Composite-Anschluss (samt den Audioeing\u00e4ngen) seine Playstation anschlie\u00dfen. Alles ohne Probleme. Und jetzt? Das sch\u00f6n und gute Windows Media Center kann das Composite-Signal nicht verarbeiten. Immerhin hat die TV-Karte noch einen Composite-Video-Eingang. Aber der ist nur umst\u00e4ndlich \u00fcber die mitgelieferte Nero Vison-Softeware zu erreichen. Der Support des PC-Herstellers antwortete auf meine Anfrage (immerhin innerhalb von 3 Werktagen) wie folgt:<\/p>\n<p><img src=\"https:\/\/www.willizblog.de\/albpics\/windows_media_center_vista.jpg\" alt=\"Windows Media Center\" \/><\/p>\n<p><em>Wenn also die Playstation r\u00fcckseitig angeschlossen ist, bitten wir Sie die Software &#8222;Nero 7 Essentials&#8220; zu starten. Das Unterprogramm &#8222;Nero Vision Ess.&#8220; kann Videosignale \u00fcber Composite verarbeiten bzw anzeigen. W\u00e4hlen Sie bitte hier &#8222;Video auf Festplatte aufnehmen&#8220;. Nun sehen sie ein kleines Vorschaufenster. Am rechten Rand k\u00f6nnen wir nun die Videoquelle, sowie die Audioquelle ausw\u00e4hlen.<\/em><\/p>\n<p><em>Video = composite<\/em><br \/>\n<em>Audio = Hauppauge WIN TV &#8230; Analog<\/em><\/p>\n<p><em>Unterhalb des Vorschaufensters (2. Button von rechts) kann auch ein Vollbild aktiviert werden.<\/em><\/p>\n<p>Video- und Audioeing\u00e4nge an Grafik-, Sound- und TV-Karten sind nicht nur der Firma Microsoft ein Dorn im Auge. Es wird nicht mehr lange dauern, dann wird es diese Anschl\u00fcsse nicht mehr geben. Warum? Ganz einfach: \u00dcber diese Anschl\u00fcsse l\u00e4sst sich alles m\u00f6gliche auf dem Rechner speichern und so auch der Kopierschutz u.\u00e4. umgehen. Genau das m\u00f6chten aber die gro\u00dfen Firmen Microsoft und Sony usw. um alles in der Welt verhindern.<\/p>\n<p>Und nur als kleine Frage von mir so einfach in den Raum gestellt: Was hat es mit dem reduzierten Funktionsmodus in Windows Vista auf sich? <em>Man ahnt es &#8230;<\/em><\/p>\n","protected":false},"excerpt":{"rendered":"<p>Mein j\u00fcngster Sohn hat sich einen neuen Rechner zugelegt &#8211; mit Windows Vista und dem Windows Media Center. Bisher hatte ich nicht viel Gutes von dem neuen Betriebssystem aus dem Hause Microsoft geh\u00f6rt. Jetzt nun konnte ich mich selbst davon \u00fcberzeugen, wie umst\u00e4ndlich z.B. das Handling ist, um nur einen Kritikpunkt zu nennen. Wenn Vieles &hellip; <a href=\"https:\/\/willizblog.de\/?p=980\" class=\"more-link\"><span class=\"screen-reader-text\">Hasta la vista, Vista!<\/span> weiterlesen <span class=\"meta-nav\">&rarr;<\/span><\/a><\/p>\n","protected":false},"author":1,"featured_media":0,"comment_status":"open","ping_status":"closed","sticky":false,"template":"","format":"standard","meta":[],"categories":[8],"tags":[],"_links":{"self":[{"href":"https:\/\/willizblog.de\/index.php?rest_route=\/wp\/v2\/posts\/980"}],"collection":[{"href":"https:\/\/willizblog.de\/index.php?rest_route=\/wp\/v2\/posts"}],"about":[{"href":"https:\/\/willizblog.de\/index.php?rest_route=\/wp\/v2\/types\/post"}],"author":[{"embeddable":true,"href":"https:\/\/willizblog.de\/index.php?rest_route=\/wp\/v2\/users\/1"}],"replies":[{"embeddable":true,"href":"https:\/\/willizblog.de\/index.php?rest_route=%2Fwp%2Fv2%2Fcomments&post=980"}],"version-history":[{"count":0,"href":"https:\/\/willizblog.de\/index.php?rest_route=\/wp\/v2\/posts\/980\/revisions"}],"wp:attachment":[{"href":"https:\/\/willizblog.de\/index.php?rest_route=%2Fwp%2Fv2%2Fmedia&parent=980"}],"wp:term":[{"taxonomy":"category","embeddable":true,"href":"https:\/\/willizblog.de\/index.php?rest_route=%2Fwp%2Fv2%2Fcategories&post=980"},{"taxonomy":"post_tag","embeddable":true,"href":"https:\/\/willizblog.de\/index.php?rest_route=%2Fwp%2Fv2%2Ftags&post=980"}],"curies":[{"name":"wp","href":"https:\/\/api.w.org\/{rel}","templated":true}]}}