{"id":9807,"date":"2016-08-24T09:13:31","date_gmt":"2016-08-24T09:13:31","guid":{"rendered":"http:\/\/willizblog.de\/?p=9807"},"modified":"2016-08-24T09:13:31","modified_gmt":"2016-08-24T09:13:31","slug":"anfang-vom-ende-von-werders-bundesligatraeumen","status":"publish","type":"post","link":"https:\/\/willizblog.de\/?p=9807","title":{"rendered":"Anfang vom Ende von Werders Bundesligatr\u00e4umen?"},"content":{"rendered":"<p>Auf die Frage, wen sie als potentiellen Absteiger aus der Fu\u00dfball-Bundesliga sehen, haben in diesen Tagen viele Experten immer wieder auch den SVW, den SV Werder Bremen, genannt. Und das war noch vor der gro\u00dfen Blamage im ersten Pflichtspiel der Saison, in der 1. Runde des DFB-Pokals bei den Sportfreunden Lotte, das letzten Sonntag 1:2 verloren ging. Dort erwies man sich am Ende auch noch als schlechte Verlierer: Fin Bartels stie\u00df seinen Gegenspieler um und kassierte damit auch gleich die erste rote Karte der Saison.<\/p>\n<p><img src=\"https:\/\/www.willizblog.de\/images\/werder1617_dfb_pokal_lotte_bartels_schubst.jpg\" alt=\"DFB-Pokal 2016\/17 - 1. Runde \u2013 SF Lotte \u2013 Werder Bremen 2:1 \u2013 Fin Bartels schubst\" title=\"DFB-Pokal 2016\/17 - 1. Runde \u2013 SF Lotte \u2013 Werder Bremen 2:1 \u2013 Fin Bartels schubst\" \/><\/p>\n<p>Dem nicht genug: Der als Hoffnungstr\u00e4ger f\u00fcr 7,5 Millionen \u20ac Abl\u00f6sesumme an die Weser transferierte Max Kruse verletzte sich in diesem Spiel am Knie so schwer, sodass er f\u00fcr Wochen, vielleicht f\u00fcr mehrere Monate ausfallen wird. Nationalspieler Kruse wurde geholt, um im Bremer Spiel die F\u00e4den zu ziehen. Extra f\u00fcr ihn wurde in der Vorbereitung das System ge\u00e4ndert. Weg vom 4-1-4-1 und hin zum 4-2-3-1 mit dem Ex-Wolfsburger als zentralem Mittelfeldmann, \u201eum seine St\u00e4rken zum Tragen zu bringen\u201c, so Trainer Skripnik. Weil der \u201estarke Zehner\u201c nun ausf\u00e4llt, ist die Rolle r\u00fcckw\u00e4rts m\u00f6glich. \u201eWir k\u00f6nnen auch mit Junuzovic oder Grillitsch auf der Zehn spielen. Aber es kann auch sein, dass wir wieder zum 4-1-4-1 wechseln. Wir \u00fcberlegen noch\u201c, sagte Skripnik. Au\u00dferdem schlie\u00dft Werders Sportchef Frank Baumann eine Nachverpflichtung nicht aus. Das Transferfenster schlie\u00dft am 31.8. (Quelle: u.a. <a href=\"https:\/\/www.kreiszeitung.de\/werder-bremen\/werder-bremen-kruse-faellt-viele-wochen-aussenbandverletzung-knie-6684994.html\" target=\"_blank\">kreiszeitung.de<\/a>)<\/p>\n<p>Zudem gibt Claudio Pizarro R\u00e4tsel auf: Seit Wochen laboriert er an einer Muskelverletzung und d\u00fcrfte ebenfalls so schnell nicht wieder auf dem Platz auflaufen.<\/p>\n<p>Gegen\u00fcber der Vorsaison gab es bei den Bremern einen gr\u00f6\u00dferen Umbruch. Besonders die Innenverteidigung musste neu besetzt werden: Im Spiel gegen Lotte liefen der Finne Niklas Moisander und der Senegalese Lamine San\u00e9 auf. Auf der Bank sitzen noch der Darmstadt-R\u00fcckkehrer Luca Caldirola und Fallou Diagne, ebenfalls aus dem Senegal. Besonders Moisander wirkte \u00e4u\u00dferst unsicher. Im Angriff (in Lotte spielte Lennart Thy) kam wenig zu Stande. Eigentlich war es der reine Horror.<\/p>\n<p>Nat\u00fcrlich taten sich auch andere Mannschaften in dieser ersten Pokalhauptrunde schwer: der HSV siegte m\u00fchevoll 1:0 in Zwickau \u2013 der FC Ingolstadt, Hertha BSC, Eintracht Frankfurt und der FSV Mainz 05 kamen erst im Elfmeterschie\u00dfen weiter. Und der Aufsteiger RB Leipzig verlor dieses bei Dynamo Dresden. Pokalspiele haben bekanntlich ihre eigenen Gesetze.<\/p>\n<p>Wenn ich ehrlich bin, dann wird mir angst und bange. In Freundeskreisen wir schon gemunkelt, dass Werder in seinem ersten Bundesligaspiel am Freitagabend (live ab 20 Uhr 15 in der ARD) in M\u00fcnchen bei den Bayern froh sein darf, wenn sie nicht zweistellig verlieren. Nun Experten, besonders Fu\u00dfball-Experten, m\u00fcssen nicht immer Recht haben. Ob Werder nun absteigt oder nicht. Jetzt schon wissen alle, dass es eine ganz schwere Saison f\u00fcr die Bremer wird. Da bringt es bestimmt nichts, wenn die Fans jetzt schon ausrasten und wie in Lotte mit Gegenst\u00e4nden werfen und lautstark den R\u00fccktritt von Trainer Skripnik fordern.<\/p>\n<p>Skripnik stand und steht in der Kritik. <a href=\"https:\/\/willizblog.de\/?p=9715\" target=\"_blank\">Sportchef Eichin<\/a> wurde ihm geopfert und sein Nachfolger, der Alt-Werderaner Frank Baumann, hat bisher sein Bestes gegeben, eine schlagkr\u00e4ftige Mannschaft auf die Beine zu stellen. Dreh- und Angelpunkt bleibt aber die Trainerfrage. Schafft es Skripnik, die in aller Schnelle zusammengew\u00fcrfelte Truppe zu einer homogenen Mannschaft zu formen?<\/p>\n<p>\u00dcberhaupt stellt sich die Frage, wohin es mit dem Profifu\u00dfballsport geht? Mit dem RB Leipzig hat es innerhalb weniger Jahre wieder eine Mannschaft bis in die Bundesliga geschafft, hinter der wenig Tradition, daf\u00fcr jede Menge Geld steckt. Haben Traditionsvereine \u00fcberhaupt noch eine \u00dcberlebenschance? Bei der augenblicklichen Situation sicherlich nicht. Ohne Sponsoren und besonders ohne Investoren wird es auch f\u00fcr Vereine wie den SV Werder Bremen keine Zukunft in der Erstklassigkeit geben. Das macht vielen Fans Angst. Und viele wenden sich bereits heute vom Profifu\u00dfball ab, um im regionalen Amateurfu\u00dfball ein Zuhause zu finden.<\/p>\n<p>Geld regiert die Welt, auch die Fu\u00dfballwelt. Hier nur ein Beispiel: Die <a href=\"https:\/\/de.wikipedia.org\/wiki\/Fu%C3%9Fball-Europameisterschaft_2016#Finanzen\" target=\"_blank\">Europameisterschaft 2016 erzielte Einnahmen<\/a> von 1,93 Milliarden Euro, zusammengesetzt aus 1,05 Milliarde Euro f\u00fcr die TV Rechte, 480 Millionen Euro aus Sponsoring und Lizenzen sowie 400 Millionen Euro aus dem Eintrittskartenverkauf. Im Grunde k\u00f6nnten die Spiele auch vor leeren R\u00e4ngen stattfinden. Knackpunkt sind die Gelder aus TV-Rechten. Diese bescheren bekanntlich besonders der englischen Premier League fette Beute, was wiederum zu exorbitanten Transfersummen f\u00fchrt. Jetzt will auch die deutsche Fu\u00dfballbundesliga einen noch gr\u00f6\u00dferen Anteil an diesen Geldern. Noch mag der TV-Markt in Richtung Asien expandieren. Aber irgendwann ist auch damit Schluss. Und dann kommt, was fast immer dann kommt: <em>der Crash!<\/em> <\/p>\n","protected":false},"excerpt":{"rendered":"<p>Auf die Frage, wen sie als potentiellen Absteiger aus der Fu\u00dfball-Bundesliga sehen, haben in diesen Tagen viele Experten immer wieder auch den SVW, den SV Werder Bremen, genannt. Und das war noch vor der gro\u00dfen Blamage im ersten Pflichtspiel der Saison, in der 1. Runde des DFB-Pokals bei den Sportfreunden Lotte, das letzten Sonntag 1:2 &hellip; <a href=\"https:\/\/willizblog.de\/?p=9807\" class=\"more-link\"><span class=\"screen-reader-text\">Anfang vom Ende von Werders Bundesligatr\u00e4umen?<\/span> weiterlesen <span class=\"meta-nav\">&rarr;<\/span><\/a><\/p>\n","protected":false},"author":1,"featured_media":0,"comment_status":"open","ping_status":"open","sticky":false,"template":"","format":"standard","meta":[],"categories":[27],"tags":[],"_links":{"self":[{"href":"https:\/\/willizblog.de\/index.php?rest_route=\/wp\/v2\/posts\/9807"}],"collection":[{"href":"https:\/\/willizblog.de\/index.php?rest_route=\/wp\/v2\/posts"}],"about":[{"href":"https:\/\/willizblog.de\/index.php?rest_route=\/wp\/v2\/types\/post"}],"author":[{"embeddable":true,"href":"https:\/\/willizblog.de\/index.php?rest_route=\/wp\/v2\/users\/1"}],"replies":[{"embeddable":true,"href":"https:\/\/willizblog.de\/index.php?rest_route=%2Fwp%2Fv2%2Fcomments&post=9807"}],"version-history":[{"count":0,"href":"https:\/\/willizblog.de\/index.php?rest_route=\/wp\/v2\/posts\/9807\/revisions"}],"wp:attachment":[{"href":"https:\/\/willizblog.de\/index.php?rest_route=%2Fwp%2Fv2%2Fmedia&parent=9807"}],"wp:term":[{"taxonomy":"category","embeddable":true,"href":"https:\/\/willizblog.de\/index.php?rest_route=%2Fwp%2Fv2%2Fcategories&post=9807"},{"taxonomy":"post_tag","embeddable":true,"href":"https:\/\/willizblog.de\/index.php?rest_route=%2Fwp%2Fv2%2Ftags&post=9807"}],"curies":[{"name":"wp","href":"https:\/\/api.w.org\/{rel}","templated":true}]}}