{"id":9809,"date":"2016-08-26T08:47:22","date_gmt":"2016-08-26T08:47:22","guid":{"rendered":"http:\/\/willizblog.de\/?p=9809"},"modified":"2016-08-26T08:47:22","modified_gmt":"2016-08-26T08:47:22","slug":"worte-zum-wochenende-34-kw-2016-erdbeben-in-italien","status":"publish","type":"post","link":"https:\/\/willizblog.de\/?p=9809","title":{"rendered":"Worte zum Wochenende (34. KW 2016): Erdbeben in Italien"},"content":{"rendered":"<p>Der August verabschiedet sich mit hochsommerlichen Temperaturen. Gestern erreichten die Quecksilbers\u00e4ulen bei uns knapp 34 \u00b0 C.  Und heute soll es vielleicht noch einen Tick w\u00e4rmer werden. Da ist das n\u00e4chste Gewitter nicht fern. Unterdessen <a href=\"http:\/\/www.zeit.de\/gesellschaft\/zeitgeschehen\/2016-08\/italien-erdbeben-tote-rettung-reaktionen\" target=\"_blank\">bebt in Mittelitalien die Erde<\/a>. Die italienische Halbinsel, wenn man das so sagen darf, liegt auf einer <a href=\"https:\/\/de.wikipedia.org\/wiki\/Tektonik\" target=\"_blank\">tektonischen<\/a> Bruchstelle. Dort sto\u00dfen <a href=\"https:\/\/de.wikipedia.org\/wiki\/Afrikanische_Platte\" target=\"_blank\">Afrikanische<\/a> und <a href=\"https:\/\/de.wikipedia.org\/wiki\/Eurasische_Platte\" target=\"_blank\">Eurasische Platte<\/a> aufeinander. An der Afrikanischen Platte h\u00e4ngt ein Fortsatz, Adriatischer oder auch <a href=\"https:\/\/de.wikipedia.org\/wiki\/Apulische_Platte\" target=\"_blank\">Apulischer Sporn<\/a> genannt, der sich in die eurasische Platte schiebt. Die westliche Grenzfl\u00e4che zwischen Sporn und eurasischer Platte liegt genau unter Italien.<\/p>\n<p><img src=\"https:\/\/www.willizblog.de\/images\/willizblog_worte_zum_wochenende.jpg\" alt=\"Worte zum Wochenende (34. KW 2016 \u2013 WilliZBlog)\" title=\"Worte zum Wochenende (34. KW 2016 \u2013 WilliZBlog)\" \/><\/p>\n<p>Der Mensch ist kein Tier, er ist eine <a href=\"https:\/\/willizblog.de\/?p=812\" target=\"_blank\">Bestie<\/a>. W\u00e4hrend Retter unerm\u00fcdlich versuchen, in den Tr\u00fcmmern noch \u00dcberlebende zu finden, versuchen einige zu pl\u00fcndern. In Amatrice wurde ein Mann festgenommen, der in ein Haus eindringen wollte. <\/p>\n<p><iframe loading=\"lazy\" src=\"https:\/\/www.google.com\/maps\/embed?pb=!1m0!3m2!1sde!2sde!4v1472200343228!6m8!1m7!1sYd3KacRdv5HdAXSZCTTOIw!2m2!1d42.62968334380133!2d13.28722317426581!3f112.9107442557803!4f-7.217277538003373!5f0.7820865974627469\" width=\"540\" height=\"320\" frameborder=\"0\" style=\"border:0\" allowfullscreen><\/iframe><br \/>\nAmatrice (Corso Umberto I) vor dem Beben<\/p>\n","protected":false},"excerpt":{"rendered":"<p>Der August verabschiedet sich mit hochsommerlichen Temperaturen. Gestern erreichten die Quecksilbers\u00e4ulen bei uns knapp 34 \u00b0 C. Und heute soll es vielleicht noch einen Tick w\u00e4rmer werden. Da ist das n\u00e4chste Gewitter nicht fern. Unterdessen bebt in Mittelitalien die Erde. Die italienische Halbinsel, wenn man das so sagen darf, liegt auf einer tektonischen Bruchstelle. Dort &hellip; <a href=\"https:\/\/willizblog.de\/?p=9809\" class=\"more-link\"><span class=\"screen-reader-text\">Worte zum Wochenende (34. KW 2016): Erdbeben in Italien<\/span> weiterlesen <span class=\"meta-nav\">&rarr;<\/span><\/a><\/p>\n","protected":false},"author":1,"featured_media":0,"comment_status":"open","ping_status":"open","sticky":false,"template":"","format":"standard","meta":[],"categories":[16,20],"tags":[],"_links":{"self":[{"href":"https:\/\/willizblog.de\/index.php?rest_route=\/wp\/v2\/posts\/9809"}],"collection":[{"href":"https:\/\/willizblog.de\/index.php?rest_route=\/wp\/v2\/posts"}],"about":[{"href":"https:\/\/willizblog.de\/index.php?rest_route=\/wp\/v2\/types\/post"}],"author":[{"embeddable":true,"href":"https:\/\/willizblog.de\/index.php?rest_route=\/wp\/v2\/users\/1"}],"replies":[{"embeddable":true,"href":"https:\/\/willizblog.de\/index.php?rest_route=%2Fwp%2Fv2%2Fcomments&post=9809"}],"version-history":[{"count":0,"href":"https:\/\/willizblog.de\/index.php?rest_route=\/wp\/v2\/posts\/9809\/revisions"}],"wp:attachment":[{"href":"https:\/\/willizblog.de\/index.php?rest_route=%2Fwp%2Fv2%2Fmedia&parent=9809"}],"wp:term":[{"taxonomy":"category","embeddable":true,"href":"https:\/\/willizblog.de\/index.php?rest_route=%2Fwp%2Fv2%2Fcategories&post=9809"},{"taxonomy":"post_tag","embeddable":true,"href":"https:\/\/willizblog.de\/index.php?rest_route=%2Fwp%2Fv2%2Ftags&post=9809"}],"curies":[{"name":"wp","href":"https:\/\/api.w.org\/{rel}","templated":true}]}}