{"id":9811,"date":"2016-08-29T07:57:13","date_gmt":"2016-08-29T07:57:13","guid":{"rendered":"http:\/\/willizblog.de\/?p=9811"},"modified":"2016-08-29T07:57:13","modified_gmt":"2016-08-29T07:57:13","slug":"wie-ein-aufgescheuchter-huehnerhaufen","status":"publish","type":"post","link":"https:\/\/willizblog.de\/?p=9811","title":{"rendered":"Wie ein aufgescheuchter H\u00fchnerhaufen"},"content":{"rendered":"<p>Ideenlos, motivationslos und damit chancenlos: auf die Bundesliga-Elf des SV Werder Bremen wird eingeschlagen wie noch nie. Es war allerdings auch eine Katastrophe, die die Werderaner nach der Pleite in der Hauptrunde des DFB-Pokals beim Bundesligaauftakt bei den Bayern boten. In M\u00fcnchen zu verlieren, ist keine Schande. Es kommt nur auf das Wie an. Und bis auf Torwart Felix Wiedwald, der bei den Toren der 6:0-Niederlage machtlos war, mit seiner Leistung aber ein noch gr\u00f6\u00dferes Debakel (zweistellig) verhinderte, spielten alle anderen h\u00f6chstens auf Kreisliganiveau.<\/p>\n<p><img src=\"https:\/\/www.willizblog.de\/images\/werder1617_st01_bayern_0_6_klatsche.jpg\" alt=\"Bundesliga 2016\/17 \u2013 1. Spieltag: Bayern M\u00fcnchen \u2013 SV Werder Bremen 6:0\" title=\"Bundesliga 2016\/17 \u2013 1. Spieltag: Bayern M\u00fcnchen \u2013 SV Werder Bremen 6:0\" \/><\/p>\n<p>Erst die Klatsche auf dem Platz, dann auch noch verbale Backpfeifen von Liga-Boss Dr. Reinhard Rauball, der dem WDR sagte: \u201eIch war aber erschrocken, \u00fcber die Art und Weise wie Werder Bremen ohne Gegenwehr dort gespielt hat.\u201c Deshalb m\u00fcsse man \u00fcber eine andere Besetzung des Saisoner\u00f6ffnungsspiels, das in 210 L\u00e4nder \u00fcbertragen wird, nachdenken. Das klare 6:0 der Bayern sei jedenfalls keine Werbung f\u00fcr die Bundesliga gewesen.<\/p>\n<p>Und was gibt es Schlimmeres, als von allen Seiten bemitleidet zu werden. <\/p>\n<p>Ob die zweiw\u00f6chige L\u00e4nderspielpause jetzt zur rechten Zeit kommt, wird man erst am 11. September beurteilen k\u00f6nnen, wenn es zu Hause gegen den FC Augsburg geht. Bis dahin wartet viel Arbeit auf Viktor Skripnik, dem Trainer, und Frank Baumann, dem Sportchef. Beide sind aneinander gekettet wie siamesische Zwillinge. Ohne Baumann w\u00e4re Skripnik gar nicht mehr im Amt. Dessen Vorg\u00e4nger Thomas Eichin h\u00e4tte den Ukrainer am Ende der Vorsaison gefeuert und musste deshalb selbst gehen. F\u00fcr ihn wurde Baumann Sportchef und verl\u00e4ngerte nach einigen Wochen sogar Skripniks Vertrag um ein Jahr bis 2018. Und jetzt steht erneut Skripnik im Mittelpunkt der Kritik, der nichts Besseres wei\u00df, als einen verbalen Rundumschlag auszuteilen: Der Coach kn\u00f6pfte sich in M\u00fcnchen erstmals \u00f6ffentlich seine Mannschaft vor, r\u00fcckte von ihr ab. \u201eIch habe kein Verst\u00e4ndnis daf\u00fcr, was passiert ist\u201c, schimpfte Skripnik und k\u00fcndigte an: \u201eMeine Entscheidungen werden brutaler sein.\u201c Und er spricht beim n\u00e4chsten Spiel gegen Augsburg schon von einem \u201eFinale\u201c.<\/p>\n<p>Wenn eben dieses Spiel wieder derma\u00dfen in die Hose geht, dann darf allerdings zu Recht um den Trainer gebangt werden. Dann wird das letzte Qu\u00e4ntchen Geduld bei den Fans aufgebraucht sein. Und dann ist Baumann im Zugzwang. Die Ruhe ist vorbei bei Werder.<\/p>\n<p>Aber Werder kann auch gewinnen, zumindest die zweite Garnitur <a href=\"http:\/\/www.flashscore.de\/fussball\/deutschland\/3-liga\/\" target=\"_blank\">in der 3. Liga<\/a>. Nach drei Auftaktniederlagen gab es nun mit dem 4:2 gegen den VfL Osnabr\u00fcck den 2. Sieg in Folge.<\/p>\n","protected":false},"excerpt":{"rendered":"<p>Ideenlos, motivationslos und damit chancenlos: auf die Bundesliga-Elf des SV Werder Bremen wird eingeschlagen wie noch nie. Es war allerdings auch eine Katastrophe, die die Werderaner nach der Pleite in der Hauptrunde des DFB-Pokals beim Bundesligaauftakt bei den Bayern boten. In M\u00fcnchen zu verlieren, ist keine Schande. Es kommt nur auf das Wie an. Und &hellip; <a href=\"https:\/\/willizblog.de\/?p=9811\" class=\"more-link\"><span class=\"screen-reader-text\">Wie ein aufgescheuchter H\u00fchnerhaufen<\/span> weiterlesen <span class=\"meta-nav\">&rarr;<\/span><\/a><\/p>\n","protected":false},"author":1,"featured_media":0,"comment_status":"open","ping_status":"open","sticky":false,"template":"","format":"standard","meta":[],"categories":[1],"tags":[],"_links":{"self":[{"href":"https:\/\/willizblog.de\/index.php?rest_route=\/wp\/v2\/posts\/9811"}],"collection":[{"href":"https:\/\/willizblog.de\/index.php?rest_route=\/wp\/v2\/posts"}],"about":[{"href":"https:\/\/willizblog.de\/index.php?rest_route=\/wp\/v2\/types\/post"}],"author":[{"embeddable":true,"href":"https:\/\/willizblog.de\/index.php?rest_route=\/wp\/v2\/users\/1"}],"replies":[{"embeddable":true,"href":"https:\/\/willizblog.de\/index.php?rest_route=%2Fwp%2Fv2%2Fcomments&post=9811"}],"version-history":[{"count":0,"href":"https:\/\/willizblog.de\/index.php?rest_route=\/wp\/v2\/posts\/9811\/revisions"}],"wp:attachment":[{"href":"https:\/\/willizblog.de\/index.php?rest_route=%2Fwp%2Fv2%2Fmedia&parent=9811"}],"wp:term":[{"taxonomy":"category","embeddable":true,"href":"https:\/\/willizblog.de\/index.php?rest_route=%2Fwp%2Fv2%2Fcategories&post=9811"},{"taxonomy":"post_tag","embeddable":true,"href":"https:\/\/willizblog.de\/index.php?rest_route=%2Fwp%2Fv2%2Ftags&post=9811"}],"curies":[{"name":"wp","href":"https:\/\/api.w.org\/{rel}","templated":true}]}}