{"id":982,"date":"2007-10-15T13:03:48","date_gmt":"2007-10-15T11:03:48","guid":{"rendered":"http:\/\/www.albinz.de\/blog\/?p=982"},"modified":"2007-10-15T15:15:25","modified_gmt":"2007-10-15T13:15:25","slug":"hurrah-wir-verbloden","status":"publish","type":"post","link":"https:\/\/willizblog.de\/?p=982","title":{"rendered":"Hurrah, wir verbl\u00f6den &#8230;"},"content":{"rendered":"<p>Die Flut an Informationen, die uns jeden Tag aufs Neue heimsucht, kann unser Gehirn kaum noch verarbeiten. Immerhin ist unser Gehirn so &#8217;schlau&#8216;, viele der Informationen im Vorfeld zu filtern, Brauchbares evtl. zu integrieren oder auf viele andere Weisen zu ver\u00e4ndern, bevor diese in unser Bewusstsein gelangen k\u00f6nnen. <\/p>\n<p>Und wir als &#8218;moderne&#8216; Menschen nutzen Hilfsmittel und Ger\u00e4te als Speicher, um unseren biologischen Arbeitsspeicher (eben das Gehirn) zu entlasten. Telefonnummern, Adressen, Termine und vieles mehr speichern wir auf Handys, Computern und nat\u00fcrlich manchmal auch noch ganz manuell (handschriftlich) in realen Notizb\u00fcchern ab, um zur rechten Zeit am richtigen Ort diese Infos abzurufen.<\/p>\n<p>Jetzt wurde nachgewiesen, dass diese Speicherwut ihre T\u00fccken hat. Ganz abgesehen davon, dass diese Daten verloren gehen k\u00f6nnen, f\u00f6rdert sie in unserer Abh\u00e4ngigkeit von der Technik unsere Vergesslichkeit. Und das Ganze hat dann auch noch einen Namen: &#8222;digitale Demenz&#8220;.<\/p>\n<p><img src=\"https:\/\/www.willizblog.de\/albpics\/digitale_demenz.gif\" alt=\"digitale Demenz\" \/><\/p>\n<p>Okay, bei der &#8222;digitalen Demenz&#8220; handelt es sich nicht um eine Krankheit wie etwa bei der echten Demenz, die durch eine voranschreitende Verschlechterung <a href=\"https:\/\/de.wikipedia.org\/wiki\/Kognition\" target=\"_blank\">kognitiver<\/a> F\u00e4higkeiten gekennzeichnet ist und nicht geheilt werden kann. Digitale Demenz ist vielmehr eine soziale und kulturelle Erscheinung, die die Ver\u00e4nderungen der modernen Gesellschaft verk\u00f6rpert.<\/p>\n<p>Es w\u00e4re also durchaus sinnvoll, unser Hirnschmalz ab und zu ins Schmelzen zu bringen. Wie w\u00e4re es vielleicht damit, einmal wieder ein Gedicht auswendig zu lernen. Es muss ja nicht gleich <a href=\"https:\/\/de.wikipedia.org\/wiki\/Das_Lied_von_der_Glocke\" target=\"_blank\">Schillers Glocke<\/a> sein. Ansonsten kann es geschehen, dass wir verbl\u00f6den (und wir morgens den Rechner anschalten, damit dieser uns unseren Namen nennt und weitere wichtige Informationen, die man so zum Leben braucht).<\/p>\n<p>siehe zdf.de: <a href=\"http:\/\/www.heute.de\/ZDFheute\/inhalt\/12\/0,3672,7103852,00.html\" target=\"_blank\">&#8222;Digitale Demenz&#8220; auf dem Vormarsch<\/a><\/p>\n","protected":false},"excerpt":{"rendered":"<p>Die Flut an Informationen, die uns jeden Tag aufs Neue heimsucht, kann unser Gehirn kaum noch verarbeiten. Immerhin ist unser Gehirn so &#8217;schlau&#8216;, viele der Informationen im Vorfeld zu filtern, Brauchbares evtl. zu integrieren oder auf viele andere Weisen zu ver\u00e4ndern, bevor diese in unser Bewusstsein gelangen k\u00f6nnen. Und wir als &#8218;moderne&#8216; Menschen nutzen Hilfsmittel &hellip; <a href=\"https:\/\/willizblog.de\/?p=982\" class=\"more-link\"><span class=\"screen-reader-text\">Hurrah, wir verbl\u00f6den &#8230;<\/span> weiterlesen <span class=\"meta-nav\">&rarr;<\/span><\/a><\/p>\n","protected":false},"author":1,"featured_media":0,"comment_status":"open","ping_status":"closed","sticky":false,"template":"","format":"standard","meta":[],"categories":[15,8],"tags":[],"_links":{"self":[{"href":"https:\/\/willizblog.de\/index.php?rest_route=\/wp\/v2\/posts\/982"}],"collection":[{"href":"https:\/\/willizblog.de\/index.php?rest_route=\/wp\/v2\/posts"}],"about":[{"href":"https:\/\/willizblog.de\/index.php?rest_route=\/wp\/v2\/types\/post"}],"author":[{"embeddable":true,"href":"https:\/\/willizblog.de\/index.php?rest_route=\/wp\/v2\/users\/1"}],"replies":[{"embeddable":true,"href":"https:\/\/willizblog.de\/index.php?rest_route=%2Fwp%2Fv2%2Fcomments&post=982"}],"version-history":[{"count":0,"href":"https:\/\/willizblog.de\/index.php?rest_route=\/wp\/v2\/posts\/982\/revisions"}],"wp:attachment":[{"href":"https:\/\/willizblog.de\/index.php?rest_route=%2Fwp%2Fv2%2Fmedia&parent=982"}],"wp:term":[{"taxonomy":"category","embeddable":true,"href":"https:\/\/willizblog.de\/index.php?rest_route=%2Fwp%2Fv2%2Fcategories&post=982"},{"taxonomy":"post_tag","embeddable":true,"href":"https:\/\/willizblog.de\/index.php?rest_route=%2Fwp%2Fv2%2Ftags&post=982"}],"curies":[{"name":"wp","href":"https:\/\/api.w.org\/{rel}","templated":true}]}}