{"id":9820,"date":"2016-09-12T08:57:00","date_gmt":"2016-09-12T08:57:00","guid":{"rendered":"http:\/\/willizblog.de\/?p=9820"},"modified":"2016-09-12T08:57:00","modified_gmt":"2016-09-12T08:57:00","slug":"kommunalwahl-2016-in-niedersachsen-ergebnisse","status":"publish","type":"post","link":"https:\/\/willizblog.de\/?p=9820","title":{"rendered":"Kommunalwahl 2016 in Niedersachsen: Ergebnisse"},"content":{"rendered":"<p>Die CDU ist bei den <a href=\"https:\/\/www.ndr.de\/nachrichten\/niedersachsen\/kommunalwahl_niedersachsen_2016\/Kommunalwahlen-in-Niedersachsen-Das-sind-die-Ergebnisse,kommunalwahl632.html\" target=\"_blank\">Kommunalwahlen in Niedersachsen<\/a> am Sonntag st\u00e4rkste Kraft geworden. Sie lag in Landkreisen und kreisfreien St\u00e4dten mit 34,4 Prozent vor der SPD (31,2), den Gr\u00fcnen (10,9), der AfD (7,8), der FDP (4,8) und der Linken (3,3), wie die Landeswahlleitung am Montag mitteilte. Die Wahlbeteiligung lag bei 55,5 Prozent und damit h\u00f6her als bei den Kommunalwahlen 2011, als nur 52,5 Prozent abstimmten.<\/p>\n<p>So recht wei\u00df ich nicht, ob ich mich dar\u00fcber freuen soll, dass die Rechtspopulisten ihr Wahlziel (10 % plus x) insgesamt verfehlt haben. Diese 7,8 % bzw. 9,8 % im Landkreis Harburg sind nat\u00fcrlich viel zu viel. <\/p>\n<ul><img src=\"https:\/\/t4.ftcdn.net\/jpg\/01\/01\/79\/03\/240_F_101790391_3nzJ2v3quzCuJU4AeUPw07dlvVDUeZxY.jpg\" alt=\"Kommunalwahlen 2016 in Niedersachsen\" title=\"Kommunalwahlen 2016 in Niedersachsen\" \/><\/ul>\n<p>F\u00fcr mich als einer der in Tostedt Wohnender sind besonders die dortigen Ergebnisse von Interesse, hier zun\u00e4chst das <a href=\"http:\/\/tostedt.wahlen-aktuell.de\/Wahl\/Tostedt\/wahl.html\" target=\"_blank\">Ergebnis der Wahl<\/a> zum <a href=\"http:\/\/www.tostedt.de\/buergerservice\/politik\/gemeinderat-tostedt\/\" target=\"_blank\">Rat der Gemeinde Tostedt<\/a>. Durch den Zugewinn an Stimmen f\u00fcr die Gr\u00fcnen hat es eine leichte, aber nicht unwesentliche Verschiebung der Gewichte gegeben. Die CDU\/FDP\/WG Tostedt-Gruppe kommt nur noch auf 15 Mandate, die SPD\/B\u00dcNDNIS90\/DIE GR\u00dcNEN-Gruppe ebenso. Z\u00fcnglein an der Waage wird dadurch vermehrt Burkhard Allwardt sein, der parteilose Einzelkandidat, der ebenfalls zulegen konnte. Eine erste Konsequenz w\u00e4re, dass der Vorsitz des Planungs- und Umweltausschusses an einen Vertreter der SPD\/B\u00dcNDNIS90\/DIE GR\u00dcNEN-Gruppe geht. Das k\u00f6nnte auch Auswirkungen auf das <a href=\"https:\/\/willizblog.de\/?p=9797\" target=\"_blank\">Bauvorhaben Am Bahnhof<\/a> in Tostedt haben.<\/p>\n<p>Der <a href=\"http:\/\/tostedt.wahlen-aktuell.de\/Wahl\/SGTostedt\/wahl.html\" target=\"_blank\">Rat der Samtgemeinde Tostedt<\/a> wird zuk\u00fcnftig noch etwas breitgestreuter sein. Die 34 Mandate verteilen sich nun auf neun verschiedene Parteien, Einzelkandidaten bzw. W\u00e4hlergruppen. Ob das f\u00fcr die politische Arbeit f\u00f6rderlich ist, kann man anzweifeln. Auf jeden Fall sind die gro\u00dfen Parteien zu mehr Transparenz gezwungen.<\/p>\n<p>Im <a href=\"http:\/\/wahlen.landkreis-harburg.de\/kw2016\/ergebnis.htm\" target=\"_blank\">Kreis Harburg<\/a> sieht es kaum besser aus: Dort sind zuk\u00fcnftig acht Parteien bzw. W\u00e4hlergemeinschaften vertreten.<\/p>\n","protected":false},"excerpt":{"rendered":"<p>Die CDU ist bei den Kommunalwahlen in Niedersachsen am Sonntag st\u00e4rkste Kraft geworden. Sie lag in Landkreisen und kreisfreien St\u00e4dten mit 34,4 Prozent vor der SPD (31,2), den Gr\u00fcnen (10,9), der AfD (7,8), der FDP (4,8) und der Linken (3,3), wie die Landeswahlleitung am Montag mitteilte. Die Wahlbeteiligung lag bei 55,5 Prozent und damit h\u00f6her &hellip; <a href=\"https:\/\/willizblog.de\/?p=9820\" class=\"more-link\"><span class=\"screen-reader-text\">Kommunalwahl 2016 in Niedersachsen: Ergebnisse<\/span> weiterlesen <span class=\"meta-nav\">&rarr;<\/span><\/a><\/p>\n","protected":false},"author":1,"featured_media":0,"comment_status":"open","ping_status":"open","sticky":false,"template":"","format":"standard","meta":[],"categories":[29],"tags":[],"_links":{"self":[{"href":"https:\/\/willizblog.de\/index.php?rest_route=\/wp\/v2\/posts\/9820"}],"collection":[{"href":"https:\/\/willizblog.de\/index.php?rest_route=\/wp\/v2\/posts"}],"about":[{"href":"https:\/\/willizblog.de\/index.php?rest_route=\/wp\/v2\/types\/post"}],"author":[{"embeddable":true,"href":"https:\/\/willizblog.de\/index.php?rest_route=\/wp\/v2\/users\/1"}],"replies":[{"embeddable":true,"href":"https:\/\/willizblog.de\/index.php?rest_route=%2Fwp%2Fv2%2Fcomments&post=9820"}],"version-history":[{"count":0,"href":"https:\/\/willizblog.de\/index.php?rest_route=\/wp\/v2\/posts\/9820\/revisions"}],"wp:attachment":[{"href":"https:\/\/willizblog.de\/index.php?rest_route=%2Fwp%2Fv2%2Fmedia&parent=9820"}],"wp:term":[{"taxonomy":"category","embeddable":true,"href":"https:\/\/willizblog.de\/index.php?rest_route=%2Fwp%2Fv2%2Fcategories&post=9820"},{"taxonomy":"post_tag","embeddable":true,"href":"https:\/\/willizblog.de\/index.php?rest_route=%2Fwp%2Fv2%2Ftags&post=9820"}],"curies":[{"name":"wp","href":"https:\/\/api.w.org\/{rel}","templated":true}]}}