{"id":983,"date":"2007-10-16T12:05:22","date_gmt":"2007-10-16T10:05:22","guid":{"rendered":"http:\/\/www.albinz.de\/blog\/?p=983"},"modified":"2011-02-24T12:37:12","modified_gmt":"2011-02-24T11:37:12","slug":"gunter-grass-wird-80","status":"publish","type":"post","link":"https:\/\/willizblog.de\/?p=983","title":{"rendered":"G\u00fcnter Grass wird 80"},"content":{"rendered":"<p>Nach den Aufregungen vor gut einem Jahr wegen der versp\u00e4teten Offenlegung seiner Mitgliedschaft zur Waffen-SS am Ende des 2. Weltkrieges (siehe meinen Beitrag: <a href=\"https:\/\/www.willizblog.de\/?p=570\" target=\"_blank\">Das sp\u00e4te Gest\u00e4ndnis des G\u00fcnter Grass<\/a>) sollten diese Tage Anlass zum Feiern sein: G\u00fcnter Grass feiert heute seinen 80. Geburtstag.<\/p>\n<p>Und so werde ich mir dieser Tage den kleinsten Teil der Danziger Trilogie zu Gem\u00fcte f\u00fchren, die Novelle &#8222;Katz und Maus&#8220;, die ich gezwungenerma\u00dfen ein zweites Mal kaufen musste, nachdem ich das ausgeliehene erste Exemplar bis heute nicht zur\u00fcck bekommen habe. Der neue Eigner soll sich sch\u00e4men (oder besser noch: das kleine B\u00fcchlein lesen). Und eine DVD mit der Schl\u00f6ndorff&#8217;schen Verfilmung von Grass&#8216; &#8222;Blechtrommel&#8220; steht auch noch im Schrank &#8230;<\/p>\n<p>Auch wenn ich mich wiederhole, aber ich habe G\u00fcnter Grass\u2019 schriftstellerisches Werk genossen, sei es die Blechtrommel, der Butt oder sein kleines Geschichtenbuch \u2018Mein Jahrhundert\u2019. Sein politisches Engagement in Sachen Auss\u00f6hnung mit dem Osten, sein unerm\u00fctliches Mahnen, die Gr\u00e4uel der Nazizeit nicht zu vergessen, haben ihn zu einer moralischen Instanz in Deutschland werden lassen, die besonders im Ausland f\u00fcr Aufmerksamkeit sorgte. Der Lohn war u.a. der Nobelpreis f\u00fcr Literatur.<\/p>\n<p>Dass G\u00fcnter Grass bis heute nicht unumstritten ist, wundert angesichts dieser Biografie keinen. Auch ich kann und konnte mich nicht immer f\u00fcr ihn begeistern. Und zuletzt konnte er mich auch schriftstellerisch nicht mehr \u00fcberzeugen. Sein &#8218;barocker&#8216; Stil hat sich ziemlich aufgebraucht. Aber allein die Danziger Trilogie und auch &#8222;Der Butt&#8220; sind Werke, die weit \u00fcber die Grenzen Deutschlands die verdiente Anerkennung fanden. Weltliteratur eben.<\/p>\n<p>Also auch von meiner Seite her: Alles Gute zum 80. und weiterhin gutes Gelingen!<\/p>\n<p>siehe auch meinen weiteren Beitrag: <a href=\"https:\/\/www.willizblog.de\/?p=580\" target=\"_blank\">G\u00fcnter Grass\u2019 \u201cBeim H\u00e4uten der Zwiebel\u201d<\/a><\/p>\n<p>siehe auch zdf.de: <a href=\"http:\/\/www.heute.de\/ZDFheute\/inhalt\/23\/0,3672,7104727,00.html\" target=\"_blank\">Grass wird 80<\/a><\/p>\n<p>siehe zdf.de: <a href=\"http:\/\/www.zdf.de\/ZDFmediathek\/content\/339938?inPopup=true\" target=\"_blank\">[Bilderserie]<\/a> <a href=\"http:\/\/www.zdf.de\/ZDFmediathek\/content\/336382?inPopup=true\" target=\"_blank\">[Video: G\u00fcnter Grass &#8211; Der Unbequeme]<\/a> <a href=\"http:\/\/www.zdf.de\/ZDFmediathek\/content\/330930?inPopup=true\" target=\"_blank\">[Video: Danzig feiert G\u00fcnter Grass]<\/a><\/p>\n","protected":false},"excerpt":{"rendered":"<p>Nach den Aufregungen vor gut einem Jahr wegen der versp\u00e4teten Offenlegung seiner Mitgliedschaft zur Waffen-SS am Ende des 2. Weltkrieges (siehe meinen Beitrag: Das sp\u00e4te Gest\u00e4ndnis des G\u00fcnter Grass) sollten diese Tage Anlass zum Feiern sein: G\u00fcnter Grass feiert heute seinen 80. Geburtstag. Und so werde ich mir dieser Tage den kleinsten Teil der Danziger &hellip; <a href=\"https:\/\/willizblog.de\/?p=983\" class=\"more-link\"><span class=\"screen-reader-text\">G\u00fcnter Grass wird 80<\/span> weiterlesen <span class=\"meta-nav\">&rarr;<\/span><\/a><\/p>\n","protected":false},"author":1,"featured_media":0,"comment_status":"open","ping_status":"closed","sticky":false,"template":"","format":"standard","meta":[],"categories":[14],"tags":[],"_links":{"self":[{"href":"https:\/\/willizblog.de\/index.php?rest_route=\/wp\/v2\/posts\/983"}],"collection":[{"href":"https:\/\/willizblog.de\/index.php?rest_route=\/wp\/v2\/posts"}],"about":[{"href":"https:\/\/willizblog.de\/index.php?rest_route=\/wp\/v2\/types\/post"}],"author":[{"embeddable":true,"href":"https:\/\/willizblog.de\/index.php?rest_route=\/wp\/v2\/users\/1"}],"replies":[{"embeddable":true,"href":"https:\/\/willizblog.de\/index.php?rest_route=%2Fwp%2Fv2%2Fcomments&post=983"}],"version-history":[{"count":0,"href":"https:\/\/willizblog.de\/index.php?rest_route=\/wp\/v2\/posts\/983\/revisions"}],"wp:attachment":[{"href":"https:\/\/willizblog.de\/index.php?rest_route=%2Fwp%2Fv2%2Fmedia&parent=983"}],"wp:term":[{"taxonomy":"category","embeddable":true,"href":"https:\/\/willizblog.de\/index.php?rest_route=%2Fwp%2Fv2%2Fcategories&post=983"},{"taxonomy":"post_tag","embeddable":true,"href":"https:\/\/willizblog.de\/index.php?rest_route=%2Fwp%2Fv2%2Ftags&post=983"}],"curies":[{"name":"wp","href":"https:\/\/api.w.org\/{rel}","templated":true}]}}