{"id":9835,"date":"2016-09-29T08:02:41","date_gmt":"2016-09-29T08:02:41","guid":{"rendered":"http:\/\/willizblog.de\/?p=9835"},"modified":"2016-09-29T08:02:41","modified_gmt":"2016-09-29T08:02:41","slug":"44-flohmarkt-in-tostedt-2016-toester-markt","status":"publish","type":"post","link":"https:\/\/willizblog.de\/?p=9835","title":{"rendered":"44. Flohmarkt in Tostedt 2016 \u2013 T\u00f6ster Markt"},"content":{"rendered":"<p>Und schon wieder ist es am Samstag (01.10.2016) soweit: Im kleinen Tostedt \u2013 halbwegs zwischen Bremen und Hamburg \u2013 findet seit 1973 immer am ersten Oktoberwochenende der gr\u00f6\u00dfte Flohmarkt Norddeutschlands statt, kurz T\u00f6ster Markt genannt. T\u00f6st hei\u00dft Tostedt auf Plattdeutsch.<\/p>\n<p>Dieser Flohmarkt zieht nicht nur Besucher aus dem Umland an. Aussteller und G\u00e4ste kommen sogar aus dem benachbarten Ausland. D\u00e4nen, Holl\u00e4nder und Polen geh\u00f6ren seit vielen Jahren zum festen Bestandteil des <a href=\"http:\/\/www.werbekreis-tostedt.de\/aktionen\/toester-flohmarkt\/\" target=\"_blank\">T\u00f6ster Marktes<\/a> dazu. Rund 700 Aussteller bieten auf dem Flohmarkt auf ca. 6.580 Metern Standfrontfl\u00e4che ihre Waren an.<\/p>\n<p><a href=\"http:\/\/www.werbekreis-tostedt.de\/wp-content\/uploads\/2014\/06\/Flohmarktplan.pdf\" target=\"_blank\">Flohmarktplan<\/a> als PDF zum Herunterladen<\/p>\n<p>Und obwohl Regen eigentlich schon fast mit zum <em>T\u00f6ster Markt<\/em> geh\u00f6rt, so d\u00fcrfte <em>Petrus<\/em> in diesem Jahr vielleicht ein Einsehen haben: Es soll zwar bew\u00f6lkt, aber \u00fcberwiegend trocken bleiben. Hoffen wir das Beste \u2026<\/p>\n<p>Meine Frau ist mit ihrem Stand eigentlich schon seit Anfang an dabei. Zwischendurch gab es nur einige Jahre Babypause. Und auf der Suche nach Schn\u00e4ppchen findet man auch fast immer unsere S\u00f6hne auf dem Markt. Da darf ich nicht fehlen. Meist mit Film- oder Fotokamera ausger\u00fcstet habe ich immer wieder einige filmische Impressionen <em>\u201eaus dem Handgelenk\u201c<\/em> unter dem Motto: <strong>R\u00fcnd \u00fcm de Kark<\/strong> vom Flohmarkt in Tostedt gesammelt \u2013 zuletzt 2015 auch endlich  in <a href=\"https:\/\/de.wikipedia.org\/wiki\/Full_HD\" target=\"_blank\">Full HD<\/a>:<\/p>\n<p><iframe loading=\"lazy\" width=\"560\" height=\"315\" src=\"https:\/\/www.youtube.com\/embed\/NNnQFw_W6NM?rel=0\" frameborder=\"0\" allowfullscreen><\/iframe><br \/>\nFlohmarkt Tostedt 2015<\/p>\n<table border=\"0\" cellpadding=\"4\" cellspacing=\"0\" width=\"100%\">\n<tr>\n<td width=\"100%\">\n<p align=\"center\"><img loading=\"lazy\" border=\"0\" src=\"https:\/\/www.willizblog.de\/images\/flohmarkt_werbekreis_tostedt.jpg\" alt=\"Flohmarkt in Tostedt - T\u00f6ster Markt 2011\/ Luftbild von Markus Lohmann www.gyrocopter-fly.de\" title=\"Flohmarkt in Tostedt - T\u00f6ster Markt 2011\/ Luftbild von Markus Lohmann www.gyrocopter-fly.de\" width=\"350\" height=\"233\"><\/td>\n<\/tr>\n<tr>\n<td width=\"100%\">\n<p align=\"center\"><font face=\"Lucida Grande, Lucida Sans Unicode, Verdana, sans-serif\" size=\"2\">Flohmarkt in Tostedt &#8211; T\u00f6ster Markt<br \/>\nBilder aus den Jahren 2001, 2004, 2006, 2007, 2009 und 2010<\/font><\/td>\n<\/tr>\n<tr>\n<td width=\"100%\">\n<p align=\"center\"><object classid=\"clsid:D27CDB6E-AE6D-11cf-96B8-444553540000\" width=\"350\" height=\"260\" codebase=\"http:\/\/download.macromedia.com\/pub\/shockwave\/cabs\/flash\/swflash.cab\"><param name=\"movie\" value=\"https:\/\/www.willizblog.de\/blogpicts\/slideshow.swf?file=https:\/\/www.willizblog.de\/blogpicts\/flohmarkt.xml\" \/><param name=\"wmode\" value=\"transparent\" \/><embed width=\"350\" height=\"260\" src=\"https:\/\/www.willizblog.de\/blogpicts\/slideshow.swf?file=https:\/\/www.willizblog.de\/blogpicts\/flohmarkt.xml\" type=\"application\/x-shockwave-flash\" pluginspage=\"http:\/\/www.macromedia.com\/go\/getflashplayer\" wmode=\"transparent\" \/><\/object><\/td>\n<\/tr>\n<\/table>\n<p>siehe u.a. auch: <a href=\"https:\/\/willizblog.de\/?p=2254\" target=\"_blank\">Flohmarktfieber: T\u00f6ster Markt 2009<\/a><br \/>\nFilmische Impressionen vom <a href=\"https:\/\/www.youtube.com\/watch?v=LfYuA-PIxHI\" target=\"_blank\">Flohmarkt in Tostedt 2011<\/a><br \/>\nErste filmische Impressionen vom <a href=\"https:\/\/www.youtube.com\/watch?v=onmG8AcqwwY\" target=\"_blank\">Flohmarkt in Tostedt 2001<\/a><\/p>\n","protected":false},"excerpt":{"rendered":"<p>Und schon wieder ist es am Samstag (01.10.2016) soweit: Im kleinen Tostedt \u2013 halbwegs zwischen Bremen und Hamburg \u2013 findet seit 1973 immer am ersten Oktoberwochenende der gr\u00f6\u00dfte Flohmarkt Norddeutschlands statt, kurz T\u00f6ster Markt genannt. T\u00f6st hei\u00dft Tostedt auf Plattdeutsch. Dieser Flohmarkt zieht nicht nur Besucher aus dem Umland an. Aussteller und G\u00e4ste kommen sogar &hellip; <a href=\"https:\/\/willizblog.de\/?p=9835\" class=\"more-link\"><span class=\"screen-reader-text\">44. Flohmarkt in Tostedt 2016 \u2013 T\u00f6ster Markt<\/span> weiterlesen <span class=\"meta-nav\">&rarr;<\/span><\/a><\/p>\n","protected":false},"author":1,"featured_media":0,"comment_status":"open","ping_status":"open","sticky":false,"template":"","format":"standard","meta":[],"categories":[11,28],"tags":[],"_links":{"self":[{"href":"https:\/\/willizblog.de\/index.php?rest_route=\/wp\/v2\/posts\/9835"}],"collection":[{"href":"https:\/\/willizblog.de\/index.php?rest_route=\/wp\/v2\/posts"}],"about":[{"href":"https:\/\/willizblog.de\/index.php?rest_route=\/wp\/v2\/types\/post"}],"author":[{"embeddable":true,"href":"https:\/\/willizblog.de\/index.php?rest_route=\/wp\/v2\/users\/1"}],"replies":[{"embeddable":true,"href":"https:\/\/willizblog.de\/index.php?rest_route=%2Fwp%2Fv2%2Fcomments&post=9835"}],"version-history":[{"count":0,"href":"https:\/\/willizblog.de\/index.php?rest_route=\/wp\/v2\/posts\/9835\/revisions"}],"wp:attachment":[{"href":"https:\/\/willizblog.de\/index.php?rest_route=%2Fwp%2Fv2%2Fmedia&parent=9835"}],"wp:term":[{"taxonomy":"category","embeddable":true,"href":"https:\/\/willizblog.de\/index.php?rest_route=%2Fwp%2Fv2%2Fcategories&post=9835"},{"taxonomy":"post_tag","embeddable":true,"href":"https:\/\/willizblog.de\/index.php?rest_route=%2Fwp%2Fv2%2Ftags&post=9835"}],"curies":[{"name":"wp","href":"https:\/\/api.w.org\/{rel}","templated":true}]}}