{"id":9838,"date":"2016-10-17T12:31:07","date_gmt":"2016-10-17T12:31:07","guid":{"rendered":"http:\/\/willizblog.de\/?p=9838"},"modified":"2016-10-17T12:31:07","modified_gmt":"2016-10-17T12:31:07","slug":"werder-bremen-die-nummer-eins-im-norden","status":"publish","type":"post","link":"https:\/\/willizblog.de\/?p=9838","title":{"rendered":"Werder Bremen \u2013 die Nummer eins im Norden"},"content":{"rendered":"<p>Nat\u00fcrlich kann es in einer Woche schon wieder anders aussehen: Aber f\u00fcr mindestens diese eine Woche ist in Deutschlands Norden der SV Werder Bremen einmal wieder die No. 1 im Fu\u00dfball \u2013 einen Punkt vor dem VfL Wolfsburg und sogar f\u00fcnf Punkte vor dem HSV.<\/p>\n<p>Nach der Startpleite in dieser Saison (vier Niederlagen am St\u00fcck) ist es den Bremern unter dem <a href=\"https:\/\/www.willizblog.de\/?p=9827\" target=\"_blank\">neuen Cheftrainer Alexander Nouri<\/a> gelungen, sieben von neun Punkte einzuheimsen und sich von den Abstiegspl\u00e4tzen zu l\u00f6sen. Gl\u00fcck geh\u00f6rt den T\u00fcchtigen. Und so war nat\u00fcrlich auch ein wenig Gl\u00fcck dabei, das Werder zz. auf den 13. Tabellenplatz brachte.<\/p>\n<p><img src=\"https:\/\/www.willizblog.de\/images\/werder1617_st07_leverkusen_ousman_manneh.jpg\" alt=\"SV Werder Bremen \u2013 Leverkusen 2:1: Ousman Manneh nach dem Siegtreffer\" title=\"SV Werder Bremen \u2013 Leverkusen 2:1: Ousman Manneh nach dem Siegtreffer\" \/><\/p>\n<p>Und ein wenig <em>M\u00e4rchen<\/em> bezaubert au\u00dferdem die Fans: Der vor zwei Jahren aus Gambia nach Bremen gefl\u00fcchtete <a href=\"https:\/\/de.wikipedia.org\/wiki\/Ousman_Manneh\" target=\"_blank\">Ousman Manneh<\/a>, jetzt gerade 19 Jahre alt, war durch sein erstes Bundesligator zum 2:1 wesentlich am Sieg der Bremer gegen Leverkusen beteiligt.<\/p>\n<p>Es hei\u00dft jetzt erst einmal wieder Durchatmen an der Weser. Aber die n\u00e4chsten schweren Aufgaben warten auf die Spieler \u2013 bereits am Sonntag (15 Uhr 30) warten die Rasenballisten in Leipzig auf das Bremer Team. Und da geht\u2019s nicht nur um angeblich befl\u00fcgelndes Zuckerwasser.<\/p>\n","protected":false},"excerpt":{"rendered":"<p>Nat\u00fcrlich kann es in einer Woche schon wieder anders aussehen: Aber f\u00fcr mindestens diese eine Woche ist in Deutschlands Norden der SV Werder Bremen einmal wieder die No. 1 im Fu\u00dfball \u2013 einen Punkt vor dem VfL Wolfsburg und sogar f\u00fcnf Punkte vor dem HSV. Nach der Startpleite in dieser Saison (vier Niederlagen am St\u00fcck) &hellip; <a href=\"https:\/\/willizblog.de\/?p=9838\" class=\"more-link\"><span class=\"screen-reader-text\">Werder Bremen \u2013 die Nummer eins im Norden<\/span> weiterlesen <span class=\"meta-nav\">&rarr;<\/span><\/a><\/p>\n","protected":false},"author":1,"featured_media":0,"comment_status":"open","ping_status":"open","sticky":false,"template":"","format":"standard","meta":[],"categories":[27],"tags":[],"_links":{"self":[{"href":"https:\/\/willizblog.de\/index.php?rest_route=\/wp\/v2\/posts\/9838"}],"collection":[{"href":"https:\/\/willizblog.de\/index.php?rest_route=\/wp\/v2\/posts"}],"about":[{"href":"https:\/\/willizblog.de\/index.php?rest_route=\/wp\/v2\/types\/post"}],"author":[{"embeddable":true,"href":"https:\/\/willizblog.de\/index.php?rest_route=\/wp\/v2\/users\/1"}],"replies":[{"embeddable":true,"href":"https:\/\/willizblog.de\/index.php?rest_route=%2Fwp%2Fv2%2Fcomments&post=9838"}],"version-history":[{"count":0,"href":"https:\/\/willizblog.de\/index.php?rest_route=\/wp\/v2\/posts\/9838\/revisions"}],"wp:attachment":[{"href":"https:\/\/willizblog.de\/index.php?rest_route=%2Fwp%2Fv2%2Fmedia&parent=9838"}],"wp:term":[{"taxonomy":"category","embeddable":true,"href":"https:\/\/willizblog.de\/index.php?rest_route=%2Fwp%2Fv2%2Fcategories&post=9838"},{"taxonomy":"post_tag","embeddable":true,"href":"https:\/\/willizblog.de\/index.php?rest_route=%2Fwp%2Fv2%2Ftags&post=9838"}],"curies":[{"name":"wp","href":"https:\/\/api.w.org\/{rel}","templated":true}]}}