{"id":9840,"date":"2016-10-19T10:59:57","date_gmt":"2016-10-19T10:59:57","guid":{"rendered":"http:\/\/willizblog.de\/?p=9840"},"modified":"2016-10-19T11:07:39","modified_gmt":"2016-10-19T11:07:39","slug":"anfang-vom-ende-des-metronom","status":"publish","type":"post","link":"https:\/\/willizblog.de\/?p=9840","title":{"rendered":"Anfang vom Ende des Metronom?!"},"content":{"rendered":"<p>Was ist los beim <a href=\"http:\/\/www.der-metronom.de\/\" target=\"_blank\">Metronom<\/a>? Kaum aus dem Urlaub zur\u00fcck muss ich erfahren, dass es z.B. auf der Bahnstrecke Bremen-Hamburg seit Montag, den 17.10., vorerst f\u00fcr zwei Wochen ein eingeschr\u00e4nkter Fahrplan gibt: \u201eUm f\u00fcr alle Fahrg\u00e4ste zuverl\u00e4ssig fahren zu k\u00f6nnen und \u00fcberraschende Zugausf\u00e4lle zu vermeiden, hat sich metronom dazu entschieden, in den n\u00e4chsten 2 Wochen einzelne Zugfahrten zu streichen.\u201c<\/p>\n<p>Dem <a href=\"http:\/\/www.der-metronom.de\/aktuell\/zuverlaessig-und-planbar-metronom-streicht-voruebergehend-einzelne-zugverbindungen\/\" target=\"_blank\">Verkehrsunternehmen<\/a> fehlen qualifizierte Lokf\u00fchrer. Und bei der d\u00fcnnen Personaldecke kommt es dann bei zus\u00e4tzlichen Ausf\u00e4llen wie Krankheit schnell zudem, was jetzt auf l\u00e4ngere Dauer \u201aplanm\u00e4\u00dfig\u2018 ist: Zugausf\u00e4lle! Und auch um den Fuhrpark ist es nicht dicke bestellt: Durch einen Rangierunfall fehlen dem metronom aktuell 2 Zugverb\u00e4nde. Dadurch sind nun auch die Fahrzeugreserven ersch\u00f6pft, um alle geplanten Zugfahrten leisten zu k\u00f6nnen.<\/p>\n<ul><img src=\"https:\/\/www.willizblog.de\/albpics\/metronom_mer.jpg\" alt=\"der metronom \u2013 Verkehrsunternehmen in Niedersachsen\" \/><\/ul>\n<p>Es scheint, als schl\u00fcge die Privatisierung des Bahnverkehrs fehl. Um Personalkosten zu sparen, h\u00e4tten nach Ansicht des Hamburger Bezirksvorsitzende der GDL (Gewerkschaft Deutscher Lokomotivf\u00fchrer) Hartmut Petersen <em>die Unternehmen Ausbildung und Einstellung seit Jahren vernachl\u00e4ssigt. Not-Bereitschaftsdienst wie fr\u00fcher seien abgebaut worden, um Personalkosten zu sparen. Stattdessen seien Mitarbeiter immer kurzfristiger eingesetzt worden. Oder sie seien wie beim Metronom mit Pr\u00e4mien dazu gelockt worden, auf Ruhetage zu verzichten, um L\u00fccken schnell noch zu f\u00fcllen. &#8211; &#8222;Geld ist aber nicht alles, wenn es um die Gesundheit geht&#8220;, sagt Petersen. Bei Krankmeldungen finde man deshalb h\u00e4ufiger keinen Ersatz mehr.<\/em> (Quelle: <a href=\"http:\/\/www.abendblatt.de\/hamburg\/article208439317\/Metronom-kann-Ausfaelle-auf-Pendlerstrecken-nicht-stoppen.html\" target=\"_blank\">abendblatt.de<\/a>)<\/p>\n<p><em>Nach Einsch\u00e4tzung des Fahrgastverbandes &#8222;Pro Bahn&#8220; versch\u00e4rft sich die Situation beim Metronom zus\u00e4tzlich durch eine <a href=\"http:\/\/www.landeszeitung.de\/blog\/lokales\/293048-unruhige-fahrt-fuer-metronom\" target=\"_blank\">&#8222;gewisse Unruhe&#8220;<\/a> im Unternehmen, wie der Pro-Bahn-Vorsitzende in Hamburg, Birger Wolter, vermutet. Es habe da sehr viele Wechsel im Management gegeben, zudem m\u00fcsse die Metronom Eisenbahngesellschaft sich gerade heftiger Konkurrenz stellen, was ebenfalls Unsicherheiten schaffe.<\/em><\/p>\n<p>So verlor das Unternehmen erst k\u00fcrzlich die Strecke Cuxhaven-Hamburg an die DB Regio, die den Betrieb im Dezember 2018 \u00fcbernehmen wird. Und im November werden die Strecken zwischen G\u00f6ttingen, Hannover, Uelzen, L\u00fcneburg und Hamburg sowie zwischen Hamburg, Buchholz, Rotenburg und Bremen neu ausgeschrieben. Eine Entscheidung \u00fcber die Neuvergabe soll laut Rainer Peters, Sprecher der federf\u00fchrenden Landesnahverkehrsgesellschaft Niedersachsen (LNVG). im Sommer 2017 fallen. Der Gewinner werde den Betrieb zum Fahrplanwechsel 2018 f\u00fcr voraussichtlich 15 Jahre \u00fcbernehmen.<\/p>\n<p>Auch anderen privaten Bahnunternehmen geht so langsam die Luft aus \u2013 wie z.B. der Nord-Ostsee-Bahn, die die Regionalverkehrsstrecke zwischen Hamburg und Sylt (ebenfalls) an die DB Regio verlor, die diese Strecke wieder ab Dezember 2016 bedienen wird.<\/p>\n","protected":false},"excerpt":{"rendered":"<p>Was ist los beim Metronom? Kaum aus dem Urlaub zur\u00fcck muss ich erfahren, dass es z.B. auf der Bahnstrecke Bremen-Hamburg seit Montag, den 17.10., vorerst f\u00fcr zwei Wochen ein eingeschr\u00e4nkter Fahrplan gibt: \u201eUm f\u00fcr alle Fahrg\u00e4ste zuverl\u00e4ssig fahren zu k\u00f6nnen und \u00fcberraschende Zugausf\u00e4lle zu vermeiden, hat sich metronom dazu entschieden, in den n\u00e4chsten 2 Wochen &hellip; <a href=\"https:\/\/willizblog.de\/?p=9840\" class=\"more-link\"><span class=\"screen-reader-text\">Anfang vom Ende des Metronom?!<\/span> weiterlesen <span class=\"meta-nav\">&rarr;<\/span><\/a><\/p>\n","protected":false},"author":1,"featured_media":0,"comment_status":"open","ping_status":"open","sticky":false,"template":"","format":"standard","meta":[],"categories":[22],"tags":[],"_links":{"self":[{"href":"https:\/\/willizblog.de\/index.php?rest_route=\/wp\/v2\/posts\/9840"}],"collection":[{"href":"https:\/\/willizblog.de\/index.php?rest_route=\/wp\/v2\/posts"}],"about":[{"href":"https:\/\/willizblog.de\/index.php?rest_route=\/wp\/v2\/types\/post"}],"author":[{"embeddable":true,"href":"https:\/\/willizblog.de\/index.php?rest_route=\/wp\/v2\/users\/1"}],"replies":[{"embeddable":true,"href":"https:\/\/willizblog.de\/index.php?rest_route=%2Fwp%2Fv2%2Fcomments&post=9840"}],"version-history":[{"count":0,"href":"https:\/\/willizblog.de\/index.php?rest_route=\/wp\/v2\/posts\/9840\/revisions"}],"wp:attachment":[{"href":"https:\/\/willizblog.de\/index.php?rest_route=%2Fwp%2Fv2%2Fmedia&parent=9840"}],"wp:term":[{"taxonomy":"category","embeddable":true,"href":"https:\/\/willizblog.de\/index.php?rest_route=%2Fwp%2Fv2%2Fcategories&post=9840"},{"taxonomy":"post_tag","embeddable":true,"href":"https:\/\/willizblog.de\/index.php?rest_route=%2Fwp%2Fv2%2Ftags&post=9840"}],"curies":[{"name":"wp","href":"https:\/\/api.w.org\/{rel}","templated":true}]}}