{"id":9847,"date":"2016-11-22T09:50:03","date_gmt":"2016-11-22T09:50:03","guid":{"rendered":"http:\/\/willizblog.de\/?p=9847"},"modified":"2016-11-22T09:50:03","modified_gmt":"2016-11-22T09:50:03","slug":"willi-will-i","status":"publish","type":"post","link":"https:\/\/willizblog.de\/?p=9847","title":{"rendered":"Willi will i"},"content":{"rendered":"<p>Ich erinnere mich noch an die <a href=\"https:\/\/de.wikipedia.org\/wiki\/Bundestagswahl_1972\" target=\"_blank\">Bundestagswahl Ende 1972<\/a>, als <a href=\"https:\/\/de.wikipedia.org\/wiki\/Willy_Brandt\" target=\"_blank\">Willy Brandt<\/a> in seinem Amt als Bundeskanzler best\u00e4tigt wurde und die SPD mit 45,8 % der abgegebenen W\u00e4hlerstimmen erstmals st\u00e4rkste Bundestagsfraktion. Ein Ergebnis, wovon Sigmar Gabriel und Co. heute nur tr\u00e4umen k\u00f6nnen. An der Wand eines Hauses in der Bremer Innenstadt hatte ein Unbekannter ein Graffito hinterlassen mit der Inschrift: Willy will i \u2013 auf Hochdeutsch: Ich will Willy! Und es waren eben nicht wenige, die Willy (Brandt) wollten.<\/p>\n<p><img src=\"https:\/\/www.willizblog.de\/images\/willizblog_worte_zum_wochenende.jpg\" alt=\"Willi unterm Volk\" title=\"Willi unterm Volk\" \/><\/p>\n<p>Nein, ich will das gar nicht auf mich beziehen. Eher h\u00e4tte die \u00dcberschrift \u201eWilli ist wieder da\u201c lauten sollen, denn ich habe mich fast f\u00fcnf Wochen rar gemacht. Nicht, dass es mir an Themen gefehlt h\u00e4tte. Da war ja die Wahl in den USA \u2013 dessen Ergebnis nicht nur mich sprachlos gemacht hatte. Und als Fan des SV Werder Bremen gab es in diesen letzten Wochen auch nichts zu lachen. Aber nein, das war es nicht.<\/p>\n<p>Eigentlich wei\u00df ich gar nicht, warum ich so sprachlos diese f\u00fcnf Wochen blieb. Es war eher Faulheit, ein Ma\u00df von Gleichg\u00fcltigkeit. Noch eher waren es die Sachen, die auf dem Zettel standen und endlich erledigt werden mussten, sodass keine Zeit f\u00fcr weitere Sp\u00e4\u00dfe blieb.<\/p>\n<p>Jetzt also dieses Lebenszeichen, damit keiner denkt, der Willi liegt in den letzten Z\u00fcgen, macht schlapp, will nichts mehr von mir und dir wissen.<\/p>\n<p>Obwohl \u2026 ein Qu\u00e4ntchen Tr\u00e4gheit kann nie schaden. Und ich muss ja auch nicht gleich \u00fcbertreiben: Also ich lebe noch \u2026 <em>und w\u00fcnsch\u2018 Euch \u2018was!<\/em><\/p>\n","protected":false},"excerpt":{"rendered":"<p>Ich erinnere mich noch an die Bundestagswahl Ende 1972, als Willy Brandt in seinem Amt als Bundeskanzler best\u00e4tigt wurde und die SPD mit 45,8 % der abgegebenen W\u00e4hlerstimmen erstmals st\u00e4rkste Bundestagsfraktion. Ein Ergebnis, wovon Sigmar Gabriel und Co. heute nur tr\u00e4umen k\u00f6nnen. An der Wand eines Hauses in der Bremer Innenstadt hatte ein Unbekannter ein &hellip; <a href=\"https:\/\/willizblog.de\/?p=9847\" class=\"more-link\"><span class=\"screen-reader-text\">Willi will i<\/span> weiterlesen <span class=\"meta-nav\">&rarr;<\/span><\/a><\/p>\n","protected":false},"author":1,"featured_media":0,"comment_status":"open","ping_status":"open","sticky":false,"template":"","format":"standard","meta":[],"categories":[30],"tags":[],"_links":{"self":[{"href":"https:\/\/willizblog.de\/index.php?rest_route=\/wp\/v2\/posts\/9847"}],"collection":[{"href":"https:\/\/willizblog.de\/index.php?rest_route=\/wp\/v2\/posts"}],"about":[{"href":"https:\/\/willizblog.de\/index.php?rest_route=\/wp\/v2\/types\/post"}],"author":[{"embeddable":true,"href":"https:\/\/willizblog.de\/index.php?rest_route=\/wp\/v2\/users\/1"}],"replies":[{"embeddable":true,"href":"https:\/\/willizblog.de\/index.php?rest_route=%2Fwp%2Fv2%2Fcomments&post=9847"}],"version-history":[{"count":0,"href":"https:\/\/willizblog.de\/index.php?rest_route=\/wp\/v2\/posts\/9847\/revisions"}],"wp:attachment":[{"href":"https:\/\/willizblog.de\/index.php?rest_route=%2Fwp%2Fv2%2Fmedia&parent=9847"}],"wp:term":[{"taxonomy":"category","embeddable":true,"href":"https:\/\/willizblog.de\/index.php?rest_route=%2Fwp%2Fv2%2Fcategories&post=9847"},{"taxonomy":"post_tag","embeddable":true,"href":"https:\/\/willizblog.de\/index.php?rest_route=%2Fwp%2Fv2%2Ftags&post=9847"}],"curies":[{"name":"wp","href":"https:\/\/api.w.org\/{rel}","templated":true}]}}