{"id":9880,"date":"2017-01-03T14:21:24","date_gmt":"2017-01-03T14:21:24","guid":{"rendered":"http:\/\/willizblog.de\/?p=9880"},"modified":"2017-01-03T14:37:49","modified_gmt":"2017-01-03T14:37:49","slug":"fotoshow-hallig-langeness-in-der-nordsee-vom-23-29-12-2016","status":"publish","type":"post","link":"https:\/\/willizblog.de\/?p=9880","title":{"rendered":"Fotoshow: Hallig Langene\u00df in der Nordsee vom 23. &#8211; 29.12.2016"},"content":{"rendered":"<p>Zu Weihnachten bin ich mit meiner Familie dieses Jahr gefl\u00fcchtet. So sind wir am Freitag, den 23. Dezember, mit dem Auto bis Schl\u00fcttsiel an der Nordsee gereist, von dort mit der F\u00e4hre bis zur <a href=\"https:\/\/de.wikipedia.org\/wiki\/Hallig\" target=\"_blank\">Hallig<\/a> <a href=\"https:\/\/de.wikipedia.org\/wiki\/Langene%C3%9F\" target=\"_blank\">Langene\u00df<\/a>.<\/p>\n<p><em>Die Halligen sind kleine, nicht oder nur wenig gesch\u00fctzte Marschinseln vor den K\u00fcsten, die bei Sturmfluten \u00fcberschwemmt werden k\u00f6nnen. Sie liegen im nordfriesischen Wattenmeer an der Nordseek\u00fcste Schleswig-Holsteins sowie an der Nordseek\u00fcste D\u00e4nemarks.<\/em><\/p>\n<p><em>Die Halligen erheben sich nur wenige Meter \u00fcber dem Meeresspiegel, weshalb sie w\u00e4hrend einer starken Flut mit Ausnahme der Warften, k\u00fcnstlich aufgesch\u00fctteten H\u00fcgeln, auf denen die H\u00e4user stehen, \u00fcbersp\u00fclt werden (\u201eLandunter\u201c). Ihre Flora weist salzwasserresistente Arten auf, die der Landschaft ihr besonderes Gepr\u00e4ge geben. Eine weitere Besonderheit besteht darin, dass der Halligboden kein S\u00fc\u00dfwasser speichert, sodass es auf den Halligen au\u00dfer Regenwasser kein nat\u00fcrliches S\u00fc\u00dfwasser gibt. Fr\u00fcher wurde deswegen das Regenwasser in den Fethingen gesammelt.<\/em><\/p>\n<p>Langene\u00df ist die gr\u00f6\u00dfte der deutschen Halligen. Meine Frau wollte schon immer einmal Urlaub auf einer Hallig machen. Dieses Jahr Weihnachten kam dazu noch ein besonderer Anla\u00df, ein runder Geburtstag. Die ersten f\u00fcnf Tage herrschte auf Langene\u00df ein permanenter Sturm bis zu Orkanst\u00e4rke. Und in der Nacht vom 26. auf den 27. Dezember hatten wir auch &#8218;Land unter&#8216; auf der Hunnenswarf, wo wir bei der <a href=\"http:\/\/www.halligkaufmann-langeness.de\/\" target=\"_blank\">Familie Petersen<\/a> eine Ferienwohnung gemietet hatten.<\/p>\n<p><img src=\"https:\/\/www.willizblog.de\/images\/langeness2016_willi_im_sturm.jpg\" alt=\"Langene\u00df Dezember 2016: Willi im Sturm (...das zieht einem die Unterhose aus!\")\" title=\"Langene\u00df Dezember 2016: Willi im Sturm (...das zieht einem die Unterhose aus!\")\" \/><br \/>\nLangene\u00df Dezember 2016: Willi im Sturm (&#8230;das zieht einem die Unterhose aus!&#8220;)<\/p>\n<p>Langene\u00df kann man als Urlauber nur mit der F\u00e4hre der <a href=\"https:\/\/www.faehre.de\/\" target=\"_blank\">WDR (Wyker Dampfschiffs-Reederei)<\/a> erreichen. Die Bewohner der Insel haben aber die M\u00f6glichkeit, \u00fcber die so genannte <a href=\"https:\/\/de.wikipedia.org\/wiki\/Halligbahn_Dageb%C3%BCll%E2%80%93Oland%E2%80%93Langene%C3%9F\" target=\"_blank\">Halligbahn<\/a> \u00fcber die Hallig Oland bis zum Festland bei Dageb\u00fcll mit ihren selbstgebauten Loren zu kommen.<\/p>\n<p>Hier schon einmal einen ersten Eindruck von unserem Urlaub als kleine Fotoshow. Die aufgezeicheneten Videoaufnahmen muss ich erst noch bearbeiten. Der Videomitschnitt folgt dann in B\u00e4lde &#8230;<\/p>\n<p><iframe loading=\"lazy\" width=\"560\" height=\"315\" src=\"https:\/\/www.youtube.com\/embed\/INzOa-T4TYk?rel=0\" frameborder=\"0\" allowfullscreen><\/iframe><br \/>\nHallig Langene\u00df in der Nordsee vom 23. &#8211; 29.12.2016 (Fotoshow)<\/p>\n","protected":false},"excerpt":{"rendered":"<p>Zu Weihnachten bin ich mit meiner Familie dieses Jahr gefl\u00fcchtet. So sind wir am Freitag, den 23. Dezember, mit dem Auto bis Schl\u00fcttsiel an der Nordsee gereist, von dort mit der F\u00e4hre bis zur Hallig Langene\u00df. Die Halligen sind kleine, nicht oder nur wenig gesch\u00fctzte Marschinseln vor den K\u00fcsten, die bei Sturmfluten \u00fcberschwemmt werden k\u00f6nnen. &hellip; <a href=\"https:\/\/willizblog.de\/?p=9880\" class=\"more-link\"><span class=\"screen-reader-text\">Fotoshow: Hallig Langene\u00df in der Nordsee vom 23. &#8211; 29.12.2016<\/span> weiterlesen <span class=\"meta-nav\">&rarr;<\/span><\/a><\/p>\n","protected":false},"author":1,"featured_media":0,"comment_status":"open","ping_status":"open","sticky":false,"template":"","format":"standard","meta":[],"categories":[10,33],"tags":[],"_links":{"self":[{"href":"https:\/\/willizblog.de\/index.php?rest_route=\/wp\/v2\/posts\/9880"}],"collection":[{"href":"https:\/\/willizblog.de\/index.php?rest_route=\/wp\/v2\/posts"}],"about":[{"href":"https:\/\/willizblog.de\/index.php?rest_route=\/wp\/v2\/types\/post"}],"author":[{"embeddable":true,"href":"https:\/\/willizblog.de\/index.php?rest_route=\/wp\/v2\/users\/1"}],"replies":[{"embeddable":true,"href":"https:\/\/willizblog.de\/index.php?rest_route=%2Fwp%2Fv2%2Fcomments&post=9880"}],"version-history":[{"count":0,"href":"https:\/\/willizblog.de\/index.php?rest_route=\/wp\/v2\/posts\/9880\/revisions"}],"wp:attachment":[{"href":"https:\/\/willizblog.de\/index.php?rest_route=%2Fwp%2Fv2%2Fmedia&parent=9880"}],"wp:term":[{"taxonomy":"category","embeddable":true,"href":"https:\/\/willizblog.de\/index.php?rest_route=%2Fwp%2Fv2%2Fcategories&post=9880"},{"taxonomy":"post_tag","embeddable":true,"href":"https:\/\/willizblog.de\/index.php?rest_route=%2Fwp%2Fv2%2Ftags&post=9880"}],"curies":[{"name":"wp","href":"https:\/\/api.w.org\/{rel}","templated":true}]}}