{"id":9886,"date":"2017-01-10T10:51:09","date_gmt":"2017-01-10T10:51:09","guid":{"rendered":"http:\/\/willizblog.de\/?p=9886"},"modified":"2017-05-05T05:11:55","modified_gmt":"2017-05-05T05:11:55","slug":"land-unter-auf-der-hallig-langeness-27-12-2016","status":"publish","type":"post","link":"https:\/\/willizblog.de\/?p=9886","title":{"rendered":"&#8222;Land unter&#8220; auf der Hallig Langene\u00df (27.12.2016)"},"content":{"rendered":"<p>Wer im Winter Urlaub auf einer <a href=\"https:\/\/de.wikipedia.org\/wiki\/Hallig\" target=\"_blank\">Hallig<\/a> im <em>nordfriesischen Wattenmeer<\/em> an der <em>Nordseek\u00fcste Schleswig-Holsteins<\/em> macht, muss damit rechnen, die Hallig nicht zum vereinbarten Termin erreichen bzw. nicht rechtzeitig wieder verlassen zu k\u00f6nnen. Die Halligen sind kleine, nicht oder nur wenig gesch\u00fctzte <em>Marschinseln<\/em> vor den K\u00fcsten, die bei Sturmfluten n\u00e4mlich \u00fcberschwemmt werden k\u00f6nnen. Die Halligen erheben sich nur wenige Meter \u00fcber dem Meeresspiegel, weshalb sie w\u00e4hrend einer starken Flut mit Ausnahme der <a href=\"https:\/\/de.wikipedia.org\/wiki\/Warft\" target=\"_blank\">Warften<\/a>, k\u00fcnstlich aufgesch\u00fctteten H\u00fcgeln, auf denen die H\u00e4user stehen, \u00fcbersp\u00fclt werden (<a href=\"https:\/\/de.wikipedia.org\/wiki\/Land_unter\" target=\"_blank\">\u201eLandunter\u201c<\/a>).<\/p>\n<p>Das Timing f\u00fcr unseren Weihnachtsurlaub stimmte. Als wir am 23. Dezember mit der F\u00e4hre auf der Hallig <a href=\"https:\/\/de.wikipedia.org\/wiki\/Langene%C3%9F\" target=\"_blank\">Langene\u00df<\/a> am Abend ankamen, war nicht nur Ebbe, sondern die wenigen Stra\u00dfen frei von Wasser, sodass wir ohne Probleme mit dem Auto unser Ziel, eine <a href=\"http:\/\/www.halligkaufmann-langeness.de\/\" target=\"_blank\">Ferienwohnung auf der Hunnenswarf<\/a> erreichten. Auch f\u00fcr die Heimreise am 29. Dezember gegen Mittag waren die Stra\u00dfen wieder trocken. Dazwischen hatten wir allerdings \u201aLand unter\u2018.<\/p>\n<p>In der Nacht vom 26. auf den 27. Dezember gab es eine Sturmflut, die das Wasser rund 2,20 m \u00fcber dem Normalhochwasser steigen lie\u00df. Gegen 23 Uhr hatte dabei die Flut ihren H\u00f6hepunkt. Mit Taschenlampen und Kameras ausger\u00fcstet beobachteten wir, wie das Wasser von der Nordsee her und vom Sturm getrieben die Stra\u00dfe um die Warft, die allein aus dem Meer zu ragen schien, in einen rei\u00dfenden Fluss verwandelte. In der Dunkelheit konnte man leider nur erahnen, wie weit das Wasser die Hallig bedeckte. Am n\u00e4chsten Morgen, es war wieder Ebbe und der Sturm doch deutlich abgeflaut, hatten sich die Wassermassen wieder verzogen. Nur ein Ring aus angeschwemmten Wasserpflanzen rund um die Au\u00dfenseite der Warft zeigte, wie hoch das Wasser in der Nacht war. Und die Sonne schien.<\/p>\n<p>Allerdings brauchte es dann doch zwei Tage, bis auch die Stra\u00dfe zum F\u00e4hranlieger wieder vollst\u00e4ndig frei wurde. Mit der Sturmflut am 4. Januar, von der haupts\u00e4chlich die Ostsee betroffen wurde (Sturm aus Nordost), gab es auf Langene\u00df und den anderen Halligen das n\u00e4chste \u201aLandunter\u2018.<\/p>\n<p><iframe loading=\"lazy\" width=\"560\" height=\"315\" src=\"https:\/\/www.youtube.com\/embed\/C-MnFfFqrZk?rel=0\" frameborder=\"0\" allowfullscreen><\/iframe><br \/>\n&#8222;Land unter&#8220; auf der Hallig Langene\u00df (27.12.2016)<\/p>\n<p><img src=\"https:\/\/www.willizblog.de\/images\/langeness2011_hanni_petersen.jpg\" alt=\"Auf der Hallig \u2013 Langene\u00df im Winter 2011: Vermieter Johann \u201aHanni\u2018 Pertersen, Hunnenswarf\" title=\"Auf der Hallig \u2013 Langene\u00df im Winter 2011: Vermieter Johann \u201aHanni\u2018 Pertersen, Hunnenswarf\" \/><\/p>\n<p>\u00dcbrigens: Die <a href=\"https:\/\/www.tuhh.de\/tuhh\/startseite.html\" target=\"_blank\">TU Harburg<\/a> hat <a href=\"http:\/\/www.wetter.com\/hd-live-webcams\/deutschland\/langeness-tu-harburg\/578d5180cebfc02f4d8b4568\/\" target=\"_blank\">auf Langene\u00df (wohl im Westen der Hallig) eine Webcam<\/a> installiert, die Live-Bilder \u00fcbertr\u00e4gt. Au\u00dferdem gibt es einen interessanten Fernsehbericht \u00fcber das Leben auf Langene\u00df im Winter. Gleich am Anfang ist unser Vermieter, Johann \u201aHanni\u2018 Petersen zu sehen, wie er mit einer Lore vom Festland zur\u00fcck nach Langene\u00df kommt. Der Bericht stammt aus dem Jahr 2011. Damals hatten <a href=\"http:\/\/www.halligkaufmann-langeness.de\/\" target=\"_blank\">die Petersens auf der Hunnenswarf<\/a> noch einen Kaufmannsladen, den sie inzwischen aber aufgegeben haben (daf\u00fcr gibt es jetzt einen kleinen Kiosk, der zumindest den Nachschub an Getr\u00e4nken und Souvenirs sicherstellt).<\/p>\n<p>Siehe auch unsere <strong>Fotoshow<\/strong>: <a href=\"https:\/\/willizblog.de\/?p=9880\" target=\"_blank\">Hallig Langene\u00df in der Nordsee vom 23. &#8211; 29.12.2016<\/a><\/p>\n","protected":false},"excerpt":{"rendered":"<p>Wer im Winter Urlaub auf einer Hallig im nordfriesischen Wattenmeer an der Nordseek\u00fcste Schleswig-Holsteins macht, muss damit rechnen, die Hallig nicht zum vereinbarten Termin erreichen bzw. nicht rechtzeitig wieder verlassen zu k\u00f6nnen. Die Halligen sind kleine, nicht oder nur wenig gesch\u00fctzte Marschinseln vor den K\u00fcsten, die bei Sturmfluten n\u00e4mlich \u00fcberschwemmt werden k\u00f6nnen. Die Halligen erheben &hellip; <a href=\"https:\/\/willizblog.de\/?p=9886\" class=\"more-link\"><span class=\"screen-reader-text\">&#8222;Land unter&#8220; auf der Hallig Langene\u00df (27.12.2016)<\/span> weiterlesen <span class=\"meta-nav\">&rarr;<\/span><\/a><\/p>\n","protected":false},"author":1,"featured_media":0,"comment_status":"open","ping_status":"open","sticky":false,"template":"","format":"standard","meta":[],"categories":[10,33],"tags":[],"_links":{"self":[{"href":"https:\/\/willizblog.de\/index.php?rest_route=\/wp\/v2\/posts\/9886"}],"collection":[{"href":"https:\/\/willizblog.de\/index.php?rest_route=\/wp\/v2\/posts"}],"about":[{"href":"https:\/\/willizblog.de\/index.php?rest_route=\/wp\/v2\/types\/post"}],"author":[{"embeddable":true,"href":"https:\/\/willizblog.de\/index.php?rest_route=\/wp\/v2\/users\/1"}],"replies":[{"embeddable":true,"href":"https:\/\/willizblog.de\/index.php?rest_route=%2Fwp%2Fv2%2Fcomments&post=9886"}],"version-history":[{"count":0,"href":"https:\/\/willizblog.de\/index.php?rest_route=\/wp\/v2\/posts\/9886\/revisions"}],"wp:attachment":[{"href":"https:\/\/willizblog.de\/index.php?rest_route=%2Fwp%2Fv2%2Fmedia&parent=9886"}],"wp:term":[{"taxonomy":"category","embeddable":true,"href":"https:\/\/willizblog.de\/index.php?rest_route=%2Fwp%2Fv2%2Fcategories&post=9886"},{"taxonomy":"post_tag","embeddable":true,"href":"https:\/\/willizblog.de\/index.php?rest_route=%2Fwp%2Fv2%2Ftags&post=9886"}],"curies":[{"name":"wp","href":"https:\/\/api.w.org\/{rel}","templated":true}]}}