{"id":9891,"date":"2017-01-12T08:05:52","date_gmt":"2017-01-12T08:05:52","guid":{"rendered":"http:\/\/willizblog.de\/?p=9891"},"modified":"2017-01-12T08:05:52","modified_gmt":"2017-01-12T08:05:52","slug":"sommers-wie-winters-besuch-der-hallig-langeness-2016","status":"publish","type":"post","link":"https:\/\/willizblog.de\/?p=9891","title":{"rendered":"Sommers wie winters: Besuch der Hallig Langene\u00df 2016"},"content":{"rendered":"<p>Zu Weihnachten war ich ja mit meiner Familie auf die <a href=\"https:\/\/de.wikipedia.org\/wiki\/Hallig\" target=\"_blank\">Hallig<\/a> <a href=\"https:\/\/de.wikipedia.org\/wiki\/Langene%C3%9F\" target=\"_blank\">Langene\u00df<\/a> gefl\u00fcchtet (siehe: <a href=\"https:\/\/willizblog.de\/?p=9880\" target=\"_blank\">Fotoshow: Hallig Langene\u00df in der Nordsee<\/a>). Aber bereits im Sommer hatte ich die gr\u00f6\u00dfte der deutschen Halligen in der Nordsee mit meiner Frau besucht. Es war lediglich ein Tagesausflug mit Bahn und F\u00e4hre, aber wir bekamen einen ersten Eindruck von dem doch ziemlich einsamen Leben auf so einem kleinen Eiland mitten im Meer. Es war ein sch\u00f6ner Hochsommertag mit viel Sonne.<\/p>\n<p><iframe loading=\"lazy\" width=\"560\" height=\"315\" src=\"https:\/\/www.youtube.com\/embed\/T7HyfeV_LSc\" frameborder=\"0\" allowfullscreen><\/iframe><br \/>\nTagesausflug zur Hallig Langene\u00df (19.07.2016)<\/p>\n<p>F\u00fcr unseren einw\u00f6chigen Weihnachtsurlaub hatten wir ein extra gro\u00dfes Auto gemietet, um all die ben\u00f6tigten Sachen mitnehmen zu k\u00f6nnen. Trotzdem sa\u00df ich mit meiner Frau auf dem hinteren Sitz eng bedr\u00e4ngt von einer Kiste mit Wasser und einem gro\u00dfen Koffer, die zwischen uns lagen. Der j\u00fcngere meiner S\u00f6hne hatte die gro\u00dfe, schwere Reisetasche seines Bruders, der das Auto fuhr, auf dem Scho\u00df. Neben den Klamotten und was man sonst noch so f\u00fcr eine Reise braucht, hatten wir reichlich Proviant (Getr\u00e4nke und Lebensmittel, auch noch einige K\u00fcchenger\u00e4te und einen gro\u00dfen Kochtopf) mit an Bord, denn auf Langene\u00df gibt es keinen Laden, in dem wir h\u00e4tten einkaufen k\u00f6nnen. Allerdings bringt im Winter ein Lieferservice (immer donnerstags) vom Festland her mit einem Transporter die bestellten Waren (im Sommer zweimal), und ab 100 \u20ac Warenwert ist der auch kostenlos. Wir hatten uns aus verschiedenen Gr\u00fcnden daf\u00fcr entschieden, unsere Verpflegung selbst mitzubringen.<\/p>\n<p><img src=\"https:\/\/www.willizblog.de\/images\/langeness2016_willi_im_sturm.jpg\" alt=\"Hallig Langene\u00df Dezember 2016: Willi im Sturm (...das zieht einem glatt die Unterhose aus!\")\" title=\"Hallig Langene\u00df Dezember 2016: Willi im Sturm (...das zieht einem glatt die Unterhose aus!\")\" \/><br \/>\nHallig Langene\u00df Dezember 2016: Willi im Sturm (&#8230;das zieht einem glatt die Unterhose aus!&#8220;)<\/p>\n<p>Wir kamen trockenen Fu\u00dfes in unserem Quartier, einer Ferienwohnung der <a href=\"http:\/\/www.halligkaufmann-langeness.de\/\" target=\"_blank\">Familie Petersen auf der Hunnenswarf<\/a> an. Und, was nicht unbedingt vorauszusetzen ist, auch wieder auf inzwischen abgetrockneten Stra\u00dfen auf Langene\u00df wieder zur F\u00e4hre. Denn w\u00e4hrend unseres Aufenthalts hatten wir <a href=\"https:\/\/de.wikipedia.org\/wiki\/Land_unter\" target=\"_blank\">\u201aLand unter\u2018<\/a> (siehe auch <a href=\"https:\/\/willizblog.de\/?p=9886\" target=\"_blank\">&#8222;Land unter&#8220; auf der Hallig Langene\u00df<\/a>). Die <a href=\"https:\/\/de.wikipedia.org\/wiki\/Warft\" target=\"_blank\">Warft<\/a>, einem k\u00fcnstlich aufgesch\u00fctteten H\u00fcgel, auf dem die H\u00e4user stehen und in einem von denen wir wohnten, wurde von dem Wasser der Nordsee umsp\u00fclt.<\/p>\n<p><iframe loading=\"lazy\" width=\"560\" height=\"315\" src=\"https:\/\/www.youtube.com\/embed\/F6YSXMXTWQk?rel=0\" frameborder=\"0\" allowfullscreen><\/iframe><br \/>\nHallig Langene\u00df &#8211; Weihnachtsurlaub 2016<\/p>\n<p>Wir wunderten uns \u00fcbrigens nicht schlecht, als wir sahen, dass wir nicht die einzigen Irren waren, die an diesen Tagen fernab des Weihnachtstrubels Ruhe und Erholung suchten. Und nach uns war die von uns gebuchte Ferienwohnung bereits erneut belegt von Silvesterfl\u00fcchtlingen.<\/p>\n<p>Was macht man also zu Weihnachten auf einer einsamen Hallig? Gemeinsam mit seinen Lieben die Ruhe genie\u00dfen, sich den Sturm um die Nase wehen lassen. Und einmal wieder erkennen, wie m\u00e4chtig die Naturgewalten, Wind und Wasser, sein k\u00f6nnen. Ich habe versucht, das alles im Video festzuhalten. Manche Aufnahmen sind allerdings reichlich verwackelt. Das lag weniger an einem Tremor meinerseits, sondern ist dem Sturm geschuldet, der mir die Kamera f\u00f6rmlich aus den H\u00e4nden zu rei\u00dfen suchte.<\/p>\n<p>Wir waren mit dem Auto angereist, lie\u00dfen dieses aber all die Tage stehen, um zu Fu\u00df die Gegend zu erkunden. Ich bin kein M\u00fctzentr\u00e4ger, aber bei diesem Sturm, meist in Orkanst\u00e4rke, ist eine M\u00fctze ein Requisit, ohne das man hier vor Ort nicht auskommt. Handschuhe und Schal sind auch nicht schlecht. Und festes Schuhwerk. Und wer sich im Dunklen hinauswagt, sollte immer eine Taschenlampe dabei haben. Hier gibt es keine Stra\u00dfenbeleuchtung. Allerdings sollte man R\u00fccksicht auf die Vogelwelt nehmen. Jeder Lichtstrahl macht die V\u00f6gel nerv\u00f6s.<\/p>\n<p>Gutes Essen und Trinken geh\u00f6rte genauso dazu, wie abends beisammenzusitzen, um sich mit Spielen die Zeit zu vertreiben \u2013 oder auch einmal den Film zu gucken, den man gemeinsam l\u00e4ngst einmal wieder sehen wollte. Langeweile gab es nicht \u2013 im Gegenteil: Die Zeit verging viel zu schnell.<\/p>\n<p>Es gibt bekanntlich diese Vorstellung der Dinge, die man \u201agetan\u2018 haben muss, wenn man in einer bestimmten Gegend lebt und sich dieser Gegend zugeh\u00f6rig f\u00fchlen will. F\u00fcr den Bayern mag da das Erklimmen der Spitzspitze von Bedeutung sein. F\u00fcr uns Norddeutsche, so finde ich, sollte ein Aufenthalt (m\u00f6glichst mit \u201aLand unter\u2018) auf einer Hallig dazugeh\u00f6ren.<\/p>\n","protected":false},"excerpt":{"rendered":"<p>Zu Weihnachten war ich ja mit meiner Familie auf die Hallig Langene\u00df gefl\u00fcchtet (siehe: Fotoshow: Hallig Langene\u00df in der Nordsee). Aber bereits im Sommer hatte ich die gr\u00f6\u00dfte der deutschen Halligen in der Nordsee mit meiner Frau besucht. Es war lediglich ein Tagesausflug mit Bahn und F\u00e4hre, aber wir bekamen einen ersten Eindruck von dem &hellip; <a href=\"https:\/\/willizblog.de\/?p=9891\" class=\"more-link\"><span class=\"screen-reader-text\">Sommers wie winters: Besuch der Hallig Langene\u00df 2016<\/span> weiterlesen <span class=\"meta-nav\">&rarr;<\/span><\/a><\/p>\n","protected":false},"author":1,"featured_media":0,"comment_status":"open","ping_status":"open","sticky":false,"template":"","format":"standard","meta":[],"categories":[10,33],"tags":[],"_links":{"self":[{"href":"https:\/\/willizblog.de\/index.php?rest_route=\/wp\/v2\/posts\/9891"}],"collection":[{"href":"https:\/\/willizblog.de\/index.php?rest_route=\/wp\/v2\/posts"}],"about":[{"href":"https:\/\/willizblog.de\/index.php?rest_route=\/wp\/v2\/types\/post"}],"author":[{"embeddable":true,"href":"https:\/\/willizblog.de\/index.php?rest_route=\/wp\/v2\/users\/1"}],"replies":[{"embeddable":true,"href":"https:\/\/willizblog.de\/index.php?rest_route=%2Fwp%2Fv2%2Fcomments&post=9891"}],"version-history":[{"count":0,"href":"https:\/\/willizblog.de\/index.php?rest_route=\/wp\/v2\/posts\/9891\/revisions"}],"wp:attachment":[{"href":"https:\/\/willizblog.de\/index.php?rest_route=%2Fwp%2Fv2%2Fmedia&parent=9891"}],"wp:term":[{"taxonomy":"category","embeddable":true,"href":"https:\/\/willizblog.de\/index.php?rest_route=%2Fwp%2Fv2%2Fcategories&post=9891"},{"taxonomy":"post_tag","embeddable":true,"href":"https:\/\/willizblog.de\/index.php?rest_route=%2Fwp%2Fv2%2Ftags&post=9891"}],"curies":[{"name":"wp","href":"https:\/\/api.w.org\/{rel}","templated":true}]}}