{"id":9921,"date":"2017-02-13T08:42:44","date_gmt":"2017-02-13T08:42:44","guid":{"rendered":"http:\/\/willizblog.de\/?p=9921"},"modified":"2017-02-13T08:46:47","modified_gmt":"2017-02-13T08:46:47","slug":"ins-taumeln-geraten","status":"publish","type":"post","link":"https:\/\/willizblog.de\/?p=9921","title":{"rendered":"Ins Taumeln geraten"},"content":{"rendered":"<p>Schlechter h\u00e4tte das neue Jahr f\u00fcr den SV Werder Bremen nicht beginnen k\u00f6nnen: vier Spiele und vier Niederlagen, dabei wurden auch noch drei Heimspiele verloren. Keine andere Mannschaft der Fu\u00dfball-Bundesliga ist schlechter gestartet.<\/p>\n<p>Okay, das waren alles knappe Niederlagen: 1:2 gegen Dortmund und auch gegen die Bayern, wobei es keine Schande ist, gegen beide Mannschaften zu verlieren. Aber es war mehr drin. Dann war die 2:3-Niederlage in Augsburg wirklich ungl\u00fccklich. Beim Stand von 2:1 f\u00fcr Werder hatte Aron Johannsson das Tor zum 3:1 f\u00fcr Werder auf dem Fu\u00df. Doch er scheiterte kl\u00e4glich. Was w\u00e4re, wenn er getroffen h\u00e4tte? H\u00e4tte, h\u00e4tte, Fahrradkette \u2026 Oder wie mein Vater zu sagen pflegte: H\u00e4tte der Fuchs nicht geschissen, er h\u00e4tte den Hasen gefangen! Am Ende nach dem Ausgleich fiel in der Nachspielzeit mit einem Abseitstor der Siegtreffer f\u00fcr den Gastgeber. Und jetzt am Samstag das 0:1 gegen Borussia M\u00f6nchengladbach.<\/p>\n<ul><img src=\"https:\/\/www.willizblog.de\/blogpicts\/werder_sinking_ship.jpg\" alt=\"Werder Bremen: Wohin geht die Reise?\" title=\"Werder Bremen: Wohin geht die Reise?\" \/><\/ul>\n<p>Es wurde schon vom Sonntagsfluch gesprochen. Aber auch an Samstagen lief es nicht besser. Zudem gibt  Serge Gnabry R\u00e4tsel auf. Lustlos trabt er \u00fcber den Rasen. Er hat scheinbar keinen Bock auf Spiele gegen den Abstieg. Aber genau damit haben die Bremer bis zum Saisonende zu k\u00e4mpfen. Bei den beiden kommenden Ausw\u00e4rtsspielen in Mainz (18. Februar) und Wolfsburg (24. Februar) muss man weiterhin mit dem Schlimmsten rechnen, zumal die Konkurrenz erwacht ist: Selbst die zuletzt fast ebenso erfolglosen Darmst\u00e4dter holen drei Punkte gegen allerdings \u00e4u\u00dferst schwache Dortmunder und sind pl\u00f6tzlich wieder im Rennen. Wolfsburg und der HSV sind an Werder vorbeigezogen.<\/p>\n<p>Nat\u00fcrlich fragt man nach den Ursachen. Da ist Manager Frank Baumann (41), der nach der letzten Niederlage den Charakter der Mannschaft kritisiert, die er in gro\u00dfen Teilen selbst zusammengestellt hat. Da  sind die Spieler, die sich immer wieder haarstr\u00e4ubende, individuelle Fehler leisten, die dann zu Punkt-Verlusten f\u00fchren. Und zuletzt ist da Alexander Nouri (37), der als Trainer die Probleme nicht in den Griff bekommt. Gegen Augsburg erwies sich die Aufstellung der Abwehr mit Ulisses Garcia in der Dreierkette als Fehler. Und gegen die Gladbacher war Nouris anf\u00e4nglich gew\u00e4hltes 3-1-4-2- beziehungsweise 5-3-2-System die falsche Wahl, was der Trainer in der Pause selbst eingestand, indem er es in ein 4-4-2 korrigierte. Und wie schon in den letzten Jahren so stellt auch jetzt der SV Werder <a href=\"https:\/\/willizblog.de\/?p=8759\" target=\"_blank\">die schlechteste Abwehr der Liga<\/a>.<\/p>\n<p>Sicherlich haben die Bremer das Potential mit Spielern wie Max Kruse, dem bereits erw\u00e4hnten Serge Gnabry und dem Dauerl\u00e4ufer Zlatko Junuzovi\u0107, um den Klassenerhalt zu sichern. Aber wenn der Kopf nicht mitspielt \u2013 und die Spieler sind zz. v\u00f6llig verunsichert -, dann verkrampft alles. Selbst leichte B\u00e4lle werden unn\u00f6tig vergeben.<\/p>\n<p>Vielleicht kehrt ja das Gl\u00fcck wieder zur\u00fcck an die Weser und kompensiert etwas das spielerische Unverm\u00f6gen einiger Spieler. Ansonsten hei\u00dfen die Reiseziele in der n\u00e4chsten Saison u.a. Heidenheim, Sandhausen und W\u00fcrzburg.<\/p>\n","protected":false},"excerpt":{"rendered":"<p>Schlechter h\u00e4tte das neue Jahr f\u00fcr den SV Werder Bremen nicht beginnen k\u00f6nnen: vier Spiele und vier Niederlagen, dabei wurden auch noch drei Heimspiele verloren. Keine andere Mannschaft der Fu\u00dfball-Bundesliga ist schlechter gestartet. Okay, das waren alles knappe Niederlagen: 1:2 gegen Dortmund und auch gegen die Bayern, wobei es keine Schande ist, gegen beide Mannschaften &hellip; <a href=\"https:\/\/willizblog.de\/?p=9921\" class=\"more-link\"><span class=\"screen-reader-text\">Ins Taumeln geraten<\/span> weiterlesen <span class=\"meta-nav\">&rarr;<\/span><\/a><\/p>\n","protected":false},"author":1,"featured_media":0,"comment_status":"open","ping_status":"open","sticky":false,"template":"","format":"standard","meta":[],"categories":[27],"tags":[],"_links":{"self":[{"href":"https:\/\/willizblog.de\/index.php?rest_route=\/wp\/v2\/posts\/9921"}],"collection":[{"href":"https:\/\/willizblog.de\/index.php?rest_route=\/wp\/v2\/posts"}],"about":[{"href":"https:\/\/willizblog.de\/index.php?rest_route=\/wp\/v2\/types\/post"}],"author":[{"embeddable":true,"href":"https:\/\/willizblog.de\/index.php?rest_route=\/wp\/v2\/users\/1"}],"replies":[{"embeddable":true,"href":"https:\/\/willizblog.de\/index.php?rest_route=%2Fwp%2Fv2%2Fcomments&post=9921"}],"version-history":[{"count":0,"href":"https:\/\/willizblog.de\/index.php?rest_route=\/wp\/v2\/posts\/9921\/revisions"}],"wp:attachment":[{"href":"https:\/\/willizblog.de\/index.php?rest_route=%2Fwp%2Fv2%2Fmedia&parent=9921"}],"wp:term":[{"taxonomy":"category","embeddable":true,"href":"https:\/\/willizblog.de\/index.php?rest_route=%2Fwp%2Fv2%2Fcategories&post=9921"},{"taxonomy":"post_tag","embeddable":true,"href":"https:\/\/willizblog.de\/index.php?rest_route=%2Fwp%2Fv2%2Ftags&post=9921"}],"curies":[{"name":"wp","href":"https:\/\/api.w.org\/{rel}","templated":true}]}}