{"id":9925,"date":"2017-02-15T09:39:24","date_gmt":"2017-02-15T09:39:24","guid":{"rendered":"http:\/\/willizblog.de\/?p=9925"},"modified":"2017-02-15T09:46:02","modified_gmt":"2017-02-15T09:46:02","slug":"frueherziehung","status":"publish","type":"post","link":"https:\/\/willizblog.de\/?p=9925","title":{"rendered":"Fr\u00fcherziehung?!"},"content":{"rendered":"<p>Wer mit der F\u00e4hre auf der <a href=\"https:\/\/de.wikipedia.org\/wiki\/Langene%C3%9F\" target=\"_blank\">Hallig Langene\u00df<\/a> ankommt, findet nach kurzer Strecke das Gasthaus Hilligenley auf der rechten Seite. Gleich dahinter befindet sich in einem <a href=\"https:\/\/de.wikipedia.org\/wiki\/Reetdach\" target=\"_blank\">reetgedeckten<\/a> Haus die Kindertagesst\u00e4tte &#8222;Die Wattw\u00fcrmer&#8220;. <\/p>\n<p>Als ich mit meiner Familie w\u00e4hrend unseres einw\u00f6chigen <a href=\"https:\/\/www.willizblog.de\/?p=9891\" target=\"_blank\">Urlaubs auf Langene\u00df<\/a> an dieser Kita vorbeikam, musste ich nat\u00fcrlich den Eingang zu diesem Haus fotografieren. Aber was musste ich da F\u00fcrchterliches feststellen? Die T\u00fcr zur Kita stand offen. Und im Flur waren zwei K\u00e4sten <a href=\"http:\/\/www.flens.de\/\" target=\"_blank\"><em>Flens<\/em><\/a> zu sehen. Wird hier also die \u00e4u\u00dferst fragw\u00fcrdige Fr\u00fcherziehung der Halligkleinkinder zum Alkoholismus betrieben? \ud83d\ude09<\/p>\n<p><img src=\"https:\/\/www.willizblog.de\/images\/langeness2016_kita_wattwuermer.jpg\" alt=\"\u201aalkoholische\u2018 Fr\u00fcherziehung?!\" title=\"\u201aalkoholische\u2018 Fr\u00fcherziehung?!\" \/><\/p>\n","protected":false},"excerpt":{"rendered":"<p>Wer mit der F\u00e4hre auf der Hallig Langene\u00df ankommt, findet nach kurzer Strecke das Gasthaus Hilligenley auf der rechten Seite. Gleich dahinter befindet sich in einem reetgedeckten Haus die Kindertagesst\u00e4tte &#8222;Die Wattw\u00fcrmer&#8220;. Als ich mit meiner Familie w\u00e4hrend unseres einw\u00f6chigen Urlaubs auf Langene\u00df an dieser Kita vorbeikam, musste ich nat\u00fcrlich den Eingang zu diesem Haus &hellip; <a href=\"https:\/\/willizblog.de\/?p=9925\" class=\"more-link\"><span class=\"screen-reader-text\">Fr\u00fcherziehung?!<\/span> weiterlesen <span class=\"meta-nav\">&rarr;<\/span><\/a><\/p>\n","protected":false},"author":1,"featured_media":0,"comment_status":"open","ping_status":"open","sticky":false,"template":"","format":"standard","meta":[],"categories":[7,442,10],"tags":[],"_links":{"self":[{"href":"https:\/\/willizblog.de\/index.php?rest_route=\/wp\/v2\/posts\/9925"}],"collection":[{"href":"https:\/\/willizblog.de\/index.php?rest_route=\/wp\/v2\/posts"}],"about":[{"href":"https:\/\/willizblog.de\/index.php?rest_route=\/wp\/v2\/types\/post"}],"author":[{"embeddable":true,"href":"https:\/\/willizblog.de\/index.php?rest_route=\/wp\/v2\/users\/1"}],"replies":[{"embeddable":true,"href":"https:\/\/willizblog.de\/index.php?rest_route=%2Fwp%2Fv2%2Fcomments&post=9925"}],"version-history":[{"count":0,"href":"https:\/\/willizblog.de\/index.php?rest_route=\/wp\/v2\/posts\/9925\/revisions"}],"wp:attachment":[{"href":"https:\/\/willizblog.de\/index.php?rest_route=%2Fwp%2Fv2%2Fmedia&parent=9925"}],"wp:term":[{"taxonomy":"category","embeddable":true,"href":"https:\/\/willizblog.de\/index.php?rest_route=%2Fwp%2Fv2%2Fcategories&post=9925"},{"taxonomy":"post_tag","embeddable":true,"href":"https:\/\/willizblog.de\/index.php?rest_route=%2Fwp%2Fv2%2Ftags&post=9925"}],"curies":[{"name":"wp","href":"https:\/\/api.w.org\/{rel}","templated":true}]}}