{"id":9929,"date":"2017-02-24T09:18:34","date_gmt":"2017-02-24T09:18:34","guid":{"rendered":"http:\/\/willizblog.de\/?p=9929"},"modified":"2017-02-24T09:18:34","modified_gmt":"2017-02-24T09:18:34","slug":"worte-zum-wochenende-8-kw-2017-gewuerz-gewuerztes-wuerziges","status":"publish","type":"post","link":"https:\/\/willizblog.de\/?p=9929","title":{"rendered":"Worte zum Wochenende (8. KW 2017): Gew\u00fcrz, Gew\u00fcrztes, W\u00fcrziges"},"content":{"rendered":"<p>Puh, ist es etwa Herbst? Der nicht allzu gute <a href=\"http:\/\/www.spiegel.de\/panorama\/gesellschaft\/wetter-sturmtief-thomas-sorgt-fuer-chaos-im-westen-a-1136067.html\" target=\"_blank\">\u201eThomas\u201c<\/a> fegte \u00fcber Deutschland hinweg. Und auch an diesem Wochenende soll\u2019s feucht und st\u00fcrmisch bleiben. Bis in die n\u00e4chste Woche hinein. Da bleibt man eigentlich lieber zu Hause.<\/p>\n<p>Aber wir sind ja nicht aus Zucker. Morgen machen wir vier (ja, auch der \u00e4ltere meiner beiden S\u00f6hne weilt in seinen Semesterferien einige Tage bei uns) Hamburg unsicher. Zun\u00e4chst geht\u2019s ins <a href=\"https:\/\/www.spicys.de\/\" target=\"_blank\"><strong>Spicy\u2019s Gew\u00fcrzmuseum<\/strong><\/a> (das mit dem Deppenapostroph &#8211; okay, leitet sich vom englischen Spice f\u00fcr Gew\u00fcrz her, und im Englischen benutzt man den <a href=\"https:\/\/de.wikipedia.org\/wiki\/S%C3%A4chsischer_Genitiv\" target=\"_blank\">s\u00e4chsischen Genitiv<\/a> mit \u201aHochkomma\u2018, hei\u00dft er dort <em>\u201eSaxon genitive\u201c<\/em> oder eben auch <em>\u201eapostrophic genitive\u201c<\/em> (sic!), also wollen wir das durchgehen lassen \ud83d\ude09 ). Das Gew\u00fcrzmuseum befindet sich in der <a href=\"https:\/\/de.wikipedia.org\/wiki\/Speicherstadt\" target=\"_blank\">Speicherstadt<\/a>, die zusammen mit dem Kontorhausviertel und dem Chilehaus auf der Liste des UNESCO-Welterbes zu finden ist. Bisher kannten wir die Geb\u00e4ude nur von au\u00dfen. So sind wir gespannt, wie es im Inneren eines solchen Speicherhauses aussieht.<\/p>\n<p><img src=\"https:\/\/www.willizblog.de\/images\/willizblog_worte_zum_wochenende.jpg\" alt=\"Worte zum Wochenende (8. KW 2017 \u2013 WilliZBlog)\" title=\"Worte zum Wochenende (8. KW 2017 \u2013 WilliZBlog)\" \/><\/p>\n<p>Grund des Besuches: Wir alle vier sind begeisterte Hobbyk\u00f6che und haben ein besonders Faible f\u00fcr Kr\u00e4uter und Gew\u00fcrze. So werden wir uns dort sicherlich einige Anregungen holen k\u00f6nnen. Anschlie\u00dfend wollen wir bei der <a href=\"https:\/\/de.wikipedia.org\/wiki\/Elbphilharmonie\" target=\"_blank\">Elbphilharmonie<\/a> vorbeigucken und hoffen hineinzukommen. Und dann nat\u00fcrlich zum Essen. Mal gucken, was wir dann noch so treiben werden \u2026<\/p>\n<p>Mit gro\u00dfem Interesse gucke ich heute Abend nach Wolfsburg, wo der SV Werder Bremen auf den VfL Wolfsburg in der Fu\u00dfball-Bundesliga trifft. Nach dem 0:2-Sieg der Bremer in Mainz sieht man an der Weser wieder Licht am Ende des Abstiegstunnels. Leider f\u00e4llt mit <em>Clemens Fritz<\/em> (Gelbspeere) und <em>Thomas Delaney<\/em> (Jochbeinbruch) das zuletzt so erfolgreiche defensive Mittelfeld (<a href=\"http:\/\/www.spox.com\/de\/sport\/fussball\/themenwoche\/defensives-mittelfeld-sechser\/video-analyse-defensives-mittelfeld-wie-funktioniert-die-doppelsechs-taktik-analyse-sechser-position.html\" target=\"_blank\">Doppelsechs<\/a>) aus. Es wird schwer sein, das zu kompensieren. Von daher w\u00e4re ich schon froh, wenn Werder wenigstens einen Punkt aus der VW-Stadt holt, zumal mit <a href=\"https:\/\/de.wikipedia.org\/wiki\/Val%C3%A9rien_Isma%C3%ABl\" target=\"_blank\">Val\u00e9rien Isma\u00ebl<\/a> ein gern gesehenes Gesicht aus alten Werderzeiten als Trainer auf der Seite Wolfsburgs steht und ich ihm nichts Schlechtes g\u00f6nne &#8230;<\/p>\n","protected":false},"excerpt":{"rendered":"<p>Puh, ist es etwa Herbst? Der nicht allzu gute \u201eThomas\u201c fegte \u00fcber Deutschland hinweg. Und auch an diesem Wochenende soll\u2019s feucht und st\u00fcrmisch bleiben. Bis in die n\u00e4chste Woche hinein. Da bleibt man eigentlich lieber zu Hause. Aber wir sind ja nicht aus Zucker. Morgen machen wir vier (ja, auch der \u00e4ltere meiner beiden S\u00f6hne &hellip; <a href=\"https:\/\/willizblog.de\/?p=9929\" class=\"more-link\"><span class=\"screen-reader-text\">Worte zum Wochenende (8. KW 2017): Gew\u00fcrz, Gew\u00fcrztes, W\u00fcrziges<\/span> weiterlesen <span class=\"meta-nav\">&rarr;<\/span><\/a><\/p>\n","protected":false},"author":1,"featured_media":0,"comment_status":"open","ping_status":"open","sticky":false,"template":"","format":"standard","meta":[],"categories":[1,27],"tags":[],"_links":{"self":[{"href":"https:\/\/willizblog.de\/index.php?rest_route=\/wp\/v2\/posts\/9929"}],"collection":[{"href":"https:\/\/willizblog.de\/index.php?rest_route=\/wp\/v2\/posts"}],"about":[{"href":"https:\/\/willizblog.de\/index.php?rest_route=\/wp\/v2\/types\/post"}],"author":[{"embeddable":true,"href":"https:\/\/willizblog.de\/index.php?rest_route=\/wp\/v2\/users\/1"}],"replies":[{"embeddable":true,"href":"https:\/\/willizblog.de\/index.php?rest_route=%2Fwp%2Fv2%2Fcomments&post=9929"}],"version-history":[{"count":0,"href":"https:\/\/willizblog.de\/index.php?rest_route=\/wp\/v2\/posts\/9929\/revisions"}],"wp:attachment":[{"href":"https:\/\/willizblog.de\/index.php?rest_route=%2Fwp%2Fv2%2Fmedia&parent=9929"}],"wp:term":[{"taxonomy":"category","embeddable":true,"href":"https:\/\/willizblog.de\/index.php?rest_route=%2Fwp%2Fv2%2Fcategories&post=9929"},{"taxonomy":"post_tag","embeddable":true,"href":"https:\/\/willizblog.de\/index.php?rest_route=%2Fwp%2Fv2%2Ftags&post=9929"}],"curies":[{"name":"wp","href":"https:\/\/api.w.org\/{rel}","templated":true}]}}