{"id":993,"date":"2007-10-28T15:46:23","date_gmt":"2007-10-28T13:46:23","guid":{"rendered":"http:\/\/www.albinz.de\/blog\/?p=993"},"modified":"2011-07-18T07:37:36","modified_gmt":"2011-07-18T06:37:36","slug":"ischa-freimaak","status":"publish","type":"post","link":"https:\/\/willizblog.de\/?p=993","title":{"rendered":"Ischa Freimaak!"},"content":{"rendered":"<p>Was den M\u00fcnchnern das Oktoberfest und den Stuttgartern die Cannstatter Wasen sind, das ist f\u00fcr die Bremer der <a href=\"https:\/\/de.wikipedia.org\/wiki\/Bremer_Freimarkt\" target=\"_blank\">Freimarkt<\/a>. Noch bis zum 4. November findet auf der Bremer B\u00fcrgerweide das immerhin \u00e4lteste Volksfest Deutschlands statt. \u00d6ffnungszeiten: t\u00e4glich von 13 &#8211; 23 Uhr, freitags und samstags bis 24 Uhr. Es ist dieses Jahr der <a href=\"http:\/\/www.freimarkt.de\/\" target=\"_blank\">972. Freimarkt in Bremen<\/a>.<\/p>\n<p><img src=\"https:\/\/www.willizblog.de\/albpics\/bremer_freimarkt_volker_ernsting.jpg\" alt=\"Ischa Freimaak!\" \/><\/p>\n<p>Wenn es drau\u00dfen dunkel und ungem\u00fctlich wird, freuen sich die Bremer auf die &#8222;5. Jahreszeit&#8220;, die mit bunten Lichtern, herrlichen D\u00fcften und fr\u00f6hlicher Musik alle grauen Gedanken vertreibt: &#8222;Ischa Freimaak!&#8220; hei\u00dft es im Herbst. Nun ja, es geht auch oft recht feucht-fr\u00f6hlich zu und neben Friesendiele gibt es auch eher untypisch norddeutsche Aussch\u00e4nke wie &#8222;Zur Schwarzwaldm\u00fchle&#8220;, Almh\u00fctte und die Bayern-Festhalle, wo es Brathendl, Schweinshaxe und Wei\u00dfwurst zu futtern gibt. Im Brauhaus dagegen werden neben Grillhaxe auch Bremer Gerichte serviert werden (Gr\u00fcnkohl mit <a href=\"https:\/\/de.wikipedia.org\/wiki\/Pinkel\" target=\"_blank\">Pinkel<\/a> und <a href=\"https:\/\/de.wikipedia.org\/wiki\/Knipp_%28Speise%29\" target=\"_blank\">Bremer Knipp<\/a> mit Bratkartoffeln).<\/p>\n<p>Die Wurzeln des Bremer Freimarkts liegen im Mittelalter. Das \u00e4lteste deutsche Volksfest begann am 16. Oktober des Jahres 1035, als Kaiser Konrad II. dem bremischen Erzbischof Bezelin die Jahrmarktsgerechtigkeit verlieh. Seit diesem denkw\u00fcrdigen Herbsttag hatte die Stadt die Erlaubnis, zweimal j\u00e4hrlich Markt auf dem Kirchhof &#8222;Unser Lieben Frauen&#8220; abzuhalten. Ohne jede Beschr\u00e4nkung und R\u00fccksicht auf die einheimischen Z\u00fcnfte konnten Kr\u00e4mer und Wandersleute nun ihre Waren verkaufen &#8211; eine neu gewonnene wirtschaftliche Unabh\u00e4ngigkeit, an die noch heute der Name &#8222;Freimarkt&#8220; erinnert.<\/p>\n<p>Wie komme ich auf den Bremer Freimarkt? Immerhin habe ich 25 Jahre in Bremen gelebt und dort den Gro\u00dfteil meiner Kindheit und Jugend verbracht. Und so war ich oft genug auf dem Freimarkt. \u00c4hnlich wie bei den <a href=\"https:\/\/de.wikipedia.org\/wiki\/Gr%C3%BCnkohlessen\" target=\"_blank\">Kohlfahrten<\/a> zu Beginn des neuen Jahres ist es Tradition mit Arbeitskollegen oder Sportsfreunden den Freimarkt zu besuchen. B\u00e4cker bieten zur Freimarktszeit Schmalzgebackenes (Berliner, Viktoria u.a.) an.<\/p>\n<p><img src=\"https:\/\/www.willizblog.de\/albpics\/bremer_freimarkt_volker_ernsting2.jpg\" alt=\"Volker Ernsting: Bremer Freimarkt\" \/><br \/>\n<a href=\"http:\/\/www.volker-ernsting.de\/galerie.htm\" target=\"_blank\">Volker Ensting:<\/a> Bremer Freimarkt<\/p>\n<p><a href=\"http:\/\/www.freimarkt.de\/webcam.php\" target=\"_blank\">Webcam vom Freimarkt<\/a><\/p>\n","protected":false},"excerpt":{"rendered":"<p>Was den M\u00fcnchnern das Oktoberfest und den Stuttgartern die Cannstatter Wasen sind, das ist f\u00fcr die Bremer der Freimarkt. Noch bis zum 4. November findet auf der Bremer B\u00fcrgerweide das immerhin \u00e4lteste Volksfest Deutschlands statt. \u00d6ffnungszeiten: t\u00e4glich von 13 &#8211; 23 Uhr, freitags und samstags bis 24 Uhr. Es ist dieses Jahr der 972. Freimarkt &hellip; <a href=\"https:\/\/willizblog.de\/?p=993\" class=\"more-link\"><span class=\"screen-reader-text\">Ischa Freimaak!<\/span> weiterlesen <span class=\"meta-nav\">&rarr;<\/span><\/a><\/p>\n","protected":false},"author":1,"featured_media":0,"comment_status":"open","ping_status":"closed","sticky":false,"template":"","format":"standard","meta":[],"categories":[28],"tags":[],"_links":{"self":[{"href":"https:\/\/willizblog.de\/index.php?rest_route=\/wp\/v2\/posts\/993"}],"collection":[{"href":"https:\/\/willizblog.de\/index.php?rest_route=\/wp\/v2\/posts"}],"about":[{"href":"https:\/\/willizblog.de\/index.php?rest_route=\/wp\/v2\/types\/post"}],"author":[{"embeddable":true,"href":"https:\/\/willizblog.de\/index.php?rest_route=\/wp\/v2\/users\/1"}],"replies":[{"embeddable":true,"href":"https:\/\/willizblog.de\/index.php?rest_route=%2Fwp%2Fv2%2Fcomments&post=993"}],"version-history":[{"count":0,"href":"https:\/\/willizblog.de\/index.php?rest_route=\/wp\/v2\/posts\/993\/revisions"}],"wp:attachment":[{"href":"https:\/\/willizblog.de\/index.php?rest_route=%2Fwp%2Fv2%2Fmedia&parent=993"}],"wp:term":[{"taxonomy":"category","embeddable":true,"href":"https:\/\/willizblog.de\/index.php?rest_route=%2Fwp%2Fv2%2Fcategories&post=993"},{"taxonomy":"post_tag","embeddable":true,"href":"https:\/\/willizblog.de\/index.php?rest_route=%2Fwp%2Fv2%2Ftags&post=993"}],"curies":[{"name":"wp","href":"https:\/\/api.w.org\/{rel}","templated":true}]}}