{"id":9932,"date":"2017-03-03T09:42:12","date_gmt":"2017-03-03T09:42:12","guid":{"rendered":"http:\/\/willizblog.de\/?p=9932"},"modified":"2017-03-03T09:43:26","modified_gmt":"2017-03-03T09:43:26","slug":"worte-zum-wochenende-9-kw-2017-meteorologischer-fruehlingsanfang","status":"publish","type":"post","link":"https:\/\/willizblog.de\/?p=9932","title":{"rendered":"Worte zum Wochenende (9. KW 2017): Meteorologischer Fr\u00fchlingsanfang"},"content":{"rendered":"<p>Gestern waren meine Frau und ich im Rathaus von Tostedt, um uns den \u201eEntwurf der 2. \u00c4nderung zum Bebauungsplan Nr. 22 sowie den Entwurf der Begr\u00fcndung mit Anlagen\u201c anzuschauen, die dort in der Zeit vom 27. Februar 2017 bis 27. M\u00e4rz 2017 in der Sch\u00fctzenstra\u00dfe 26, Fachbereich \u201eBauen und Planung\u201c, Zimmer 409, 21255 Tostedt, w\u00e4hrend der \u00d6ffnungszeiten <a href=\"http:\/\/www.tostedt.de\/portal\/bekanntmachungen\/bebauungsplan-nr-22-karlstrasse-2-aenderung-912002089-20240.html?rubrik=12000007\" target=\"_blank\">zur allgemeinen Einsicht<\/a> ausliegen. Es geht dabei um das <a href=\"https:\/\/willizblog.de\/?p=9909\" target=\"_blank\">Bauvorhaben \u201aAm Bahnhof 9\/9a\u2018<\/a> bei uns hier in Tostedt.<\/p>\n<p>Dabei bekamen wir doch noch Einsicht in einige nicht uninteressante Details, so in das Gutachten einer schalltechnischen Untersuchung zu der L\u00e4rmbelastung. Bisher wurde uns dieses Gutachten vorenthalten. Aufschlussreich war es auch zu sehen, wie sich die Planung innerhalb der letzten gut zw\u00f6lf Monate entwickelt hatte. Dazu und zum \u201aStand der Dinge\u2018 aber sp\u00e4ter sicherlich noch etwas mehr<\/p>\n<p><img src=\"https:\/\/www.willizblog.de\/images\/willizblog_worte_zum_wochenende.jpg\" alt=\"Worte zum Wochenende (9. KW 2017 \u2013 WilliZBlog)\" title=\"Worte zum Wochenende (9. KW 2017 \u2013 WilliZBlog)\" \/><\/p>\n<p>Meteorologisch beginnt der Fr\u00fchling auf der Nordhalbkugel am 1. M\u00e4rz, begann also bei uns am Mittwoch. Und an diesem Wochenende d\u00fcrfen wir mit ann\u00e4hernd fr\u00fchlingshaftem Wetter rechnen, morgen am Samstag mit Temperaturen bis zu 14 \u00b0 C. Dann soll es zwar wieder etwas frischer und auch regnerischer werden, aber die Sonne wird sich nicht verleugnen lassen.<\/p>\n<p>Apropos Samstag: Da spielt der SV Werder Bremen in der Fu\u00dfball-Bundesliga gegen den Tabellenletzten, den SV Darmstadt 98, f\u00fcr den es um alles oder nichts geht. Mit <a href=\"https:\/\/de.wikipedia.org\/wiki\/Torsten_Frings\" target=\"_blank\">Torsten Frings<\/a> kommt damit wieder einmal ein alter Werder-Bekannter an die Weser, der in Darmstadt seinen ersten Cheftrainerposten bekommen hat. Einerseits hoffe ich zwar, dass es ihm nicht so geht wie <a href=\"https:\/\/de.wikipedia.org\/wiki\/Val%C3%A9rien_Isma%C3%ABl\" target=\"_blank\">Val\u00e9rien Isma\u00ebl<\/a>, der in Wolfsburg nach der Niederlage gegen die Bremer seinen Hut nehmen durfte. Andererseits hoffe ich nat\u00fcrlich, dass Werder mit einem Sieg, dem dritten in Folge, langsam aber sicher in etwas geruhsameres Fahrwasser ger\u00e4t. <\/p>\n<p>Also wieder Wochenende! Seien wir ehrlich: Irgendwie hangeln wir uns so durch \u2013 von Wochenende zu Wochenende. Sp\u00e4testens am Freitag erstaunt, wie schnell die Woche wieder einmal verging. Und am Montag <a href=\"http:\/\/www.duden.de\/rechtschreibung\/knatschig\" target=\"_blank\">knatschig<\/a>, weil die Arbeitswoche wie ein scheinbar un\u00fcberwindbarer Berg noch vor uns liegt.<\/p>\n","protected":false},"excerpt":{"rendered":"<p>Gestern waren meine Frau und ich im Rathaus von Tostedt, um uns den \u201eEntwurf der 2. \u00c4nderung zum Bebauungsplan Nr. 22 sowie den Entwurf der Begr\u00fcndung mit Anlagen\u201c anzuschauen, die dort in der Zeit vom 27. Februar 2017 bis 27. M\u00e4rz 2017 in der Sch\u00fctzenstra\u00dfe 26, Fachbereich \u201eBauen und Planung\u201c, Zimmer 409, 21255 Tostedt, w\u00e4hrend &hellip; <a href=\"https:\/\/willizblog.de\/?p=9932\" class=\"more-link\"><span class=\"screen-reader-text\">Worte zum Wochenende (9. KW 2017): Meteorologischer Fr\u00fchlingsanfang<\/span> weiterlesen <span class=\"meta-nav\">&rarr;<\/span><\/a><\/p>\n","protected":false},"author":1,"featured_media":0,"comment_status":"open","ping_status":"open","sticky":false,"template":"","format":"standard","meta":[],"categories":[16,27,11],"tags":[],"_links":{"self":[{"href":"https:\/\/willizblog.de\/index.php?rest_route=\/wp\/v2\/posts\/9932"}],"collection":[{"href":"https:\/\/willizblog.de\/index.php?rest_route=\/wp\/v2\/posts"}],"about":[{"href":"https:\/\/willizblog.de\/index.php?rest_route=\/wp\/v2\/types\/post"}],"author":[{"embeddable":true,"href":"https:\/\/willizblog.de\/index.php?rest_route=\/wp\/v2\/users\/1"}],"replies":[{"embeddable":true,"href":"https:\/\/willizblog.de\/index.php?rest_route=%2Fwp%2Fv2%2Fcomments&post=9932"}],"version-history":[{"count":0,"href":"https:\/\/willizblog.de\/index.php?rest_route=\/wp\/v2\/posts\/9932\/revisions"}],"wp:attachment":[{"href":"https:\/\/willizblog.de\/index.php?rest_route=%2Fwp%2Fv2%2Fmedia&parent=9932"}],"wp:term":[{"taxonomy":"category","embeddable":true,"href":"https:\/\/willizblog.de\/index.php?rest_route=%2Fwp%2Fv2%2Fcategories&post=9932"},{"taxonomy":"post_tag","embeddable":true,"href":"https:\/\/willizblog.de\/index.php?rest_route=%2Fwp%2Fv2%2Ftags&post=9932"}],"curies":[{"name":"wp","href":"https:\/\/api.w.org\/{rel}","templated":true}]}}