{"id":9940,"date":"2017-03-07T11:11:07","date_gmt":"2017-03-07T11:11:07","guid":{"rendered":"http:\/\/willizblog.de\/?p=9940"},"modified":"2017-03-16T08:47:56","modified_gmt":"2017-03-16T08:47:56","slug":"bauplanung-am-bahnhof-99a-in-tostedt-7-oeffentliche-auslegung","status":"publish","type":"post","link":"https:\/\/willizblog.de\/?p=9940","title":{"rendered":"Bauplanung \u201aAm Bahnhof 9\/9a\u2018 in Tostedt (7): \u00d6ffentliche Auslegung"},"content":{"rendered":"<p>Der Rat der Gemeinde Tostedt hat <a href=\"https:\/\/www.willizblog.de\/?p=9909\" target=\"_blank\">wie berichtet<\/a> in seiner Sitzung am 7. Februar 2017 die Einleitung einer \u00c4nderung zum Bebauungsplan Nr. 22 \u201eKarlstra\u00dfe\u201c (betrifft das Bauvorhaben \u201aAm Bahnhof 9\/9a\u2018) und gleichzeitig die Durchf\u00fchrung einer \u00f6ffentlichen Auslegung beschlossen. In der Zeit <a href=\"http:\/\/www.tostedt.de\/portal\/bekanntmachungen\/bebauungsplan-nr-22-karlstrasse-2-aenderung-912002089-20240.html?rubrik=12000007\" target=\"_blank\">vom 27. Februar bis 27. M\u00e4rz 2017<\/a> sind der \u201eEntwurf der 2. \u00c4nderung zum Bebauungsplan Nr. 22 sowie der Entwurf der Begr\u00fcndung mit Anlagen\u201c im Rathaus der Samtgemeinde Tostedt, Fachbereich \u201eBauen und Planung\u201c einzusehen. Jedermann kann zu dieser Planung schriftlich oder zur Niederschrift Stellung nehmen.<\/p>\n<p><a href=\"https:\/\/www.willizblog.de\/?p=9932\" target=\"_blank\">Wie ebenfalls kurz berichtet<\/a> waren meine Frau und ich letzten Donnerstag im Rathaus von Tostedt, um Einsicht in die Unterlagen zu nehmen. Interessant waren dabei Details, die uns so bisher nicht bekannt waren, z.B. das Gutachten einer schalltechnischen Untersuchung zu der L\u00e4rmbelastung. Bisher wurde uns dieses Gutachten vorenthalten. Aufschlussreich war es auch zu sehen, wie sich die Planung innerhalb der letzten gut zw\u00f6lf Monate entwickelt hatte.<\/p>\n<p>Der ge\u00e4nderte Bebauungsplan sieht jetzt vier so genannte Baufenster (\u00fcberbaubare Fl\u00e4chen) vor, in denen insgesamt sieben bzw. 7 \u00bd H\u00e4user entstehen sollen. In einer der ersten Planskizzen waren zehn H\u00e4user vorgesehen. Damit w\u00e4re eine Wohnanlage errichtet worden, die den Investoren sicherlich maximalen Ertrag, dem Ort Tostedt aber eine weitere Baus\u00fcnde a la Krech-Siedlung eingebracht h\u00e4tte. Ich f\u00fcrchte, dass selbst die jetzige Planung \u00fcberdimensioniert ist. <\/p>\n<p>Inzwischen wurden auf dem gut 14.000 m<sup>\u00b2<\/sup> gro\u00dfen Grundst\u00fcck kr\u00e4ftig aufger\u00e4umt. Mit diesem Kahlschlag erinnert es etwas an ein ausgebombtes Viertel der Nachkriegszeit (das stammt nicht von mir). Aber das soll sich ja bald \u00e4ndern. <\/p>\n<p><img src=\"https:\/\/www.willizblog.de\/images\/tostedt2017_bau_am_bahnhof01.jpg\" alt=\"Panoramablick mit Kahlschlag - \u00a9 K.B.\/Tostedt\" title=\"Panoramablick mit Kahlschlag - \u00a9 K.B.\/Tostedt\" \/><\/p>\n<p>Unbedingt interessant m\u00f6chte ich es eigentlich nicht nennen, aber es ist schon aufschlussreich, was so neben riesigen Stein sonst noch so im Erdreich gefunden wurde, z.B. ein Tank, der vor der Entsorgung sicherheitshalber ordnungsgem\u00e4\u00df entleert wurde. Immerhin das. (Fotos \u00a9 <em>K.B.\/Tostedt<\/em>)<\/p>\n<p><img src=\"https:\/\/www.willizblog.de\/images\/tostedt2017_bau_am_bahnhof02.jpg\" alt=\"Entsorgung eines im Erdreich vergrabenen Tanks - \u00a9 K.B.\/Tostedt\" title=\"Entsorgung eines im Erdreich vergrabenen Tanks - \u00a9 K.B.\/Tostedt\" \/><\/p>\n<p>Zur\u00fcck zur \u00f6ffentlichen Auslegung des ge\u00e4nderten Bebauungsplanes und der M\u00f6glichkeit, hierzu Stellung zu nehmen: Einige Punkte gibt es f\u00fcr meine Frau und mich, die uns wichtig sind. In einer <a href=\"https:\/\/de.wikipedia.org\/wiki\/Kleinstadt\" target=\"_blank\">Kleinstadt<\/a> mit knapp 14.000 Einwohnern wie Tostedt, die im l\u00e4ndlichen Raum steht, sollte die Bebauung mit H\u00e4usern dem l\u00e4ndlichen Charakter entsprechen (ohne gleich provinziell zu sein). Neubauten sollten sich dabei dem Umfeld anpassen, was auch bei dieser Bauplanung zu ber\u00fccksichtigt ist.<\/p>\n<p>Wie geht es weiter: Nach der Auslegung tagt am 9. Mai 2017 erneut der Planungs- und Umweltausschuss der Gemeinde Tostedt und ber\u00e4t u.a. \u00fcber die Stellungnahmen. In der Ratssitzung am 13. Juni 2017 sollte dann die \u00c4nderung des Bebauungsplanes endg\u00fcltig beschlossen werden. Schon zuvor werden wohl die Bauantr\u00e4ge von der <em>Bauherrengemeinschaft Tostedt GbR<\/em> im Fachbereich \u201eBauen und Planung\u201c eingehen.<\/p>\n","protected":false},"excerpt":{"rendered":"<p>Der Rat der Gemeinde Tostedt hat wie berichtet in seiner Sitzung am 7. Februar 2017 die Einleitung einer \u00c4nderung zum Bebauungsplan Nr. 22 \u201eKarlstra\u00dfe\u201c (betrifft das Bauvorhaben \u201aAm Bahnhof 9\/9a\u2018) und gleichzeitig die Durchf\u00fchrung einer \u00f6ffentlichen Auslegung beschlossen. In der Zeit vom 27. Februar bis 27. M\u00e4rz 2017 sind der \u201eEntwurf der 2. \u00c4nderung zum &hellip; <a href=\"https:\/\/willizblog.de\/?p=9940\" class=\"more-link\"><span class=\"screen-reader-text\">Bauplanung \u201aAm Bahnhof 9\/9a\u2018 in Tostedt (7): \u00d6ffentliche Auslegung<\/span> weiterlesen <span class=\"meta-nav\">&rarr;<\/span><\/a><\/p>\n","protected":false},"author":1,"featured_media":0,"comment_status":"open","ping_status":"open","sticky":false,"template":"","format":"standard","meta":[],"categories":[11,2],"tags":[],"_links":{"self":[{"href":"https:\/\/willizblog.de\/index.php?rest_route=\/wp\/v2\/posts\/9940"}],"collection":[{"href":"https:\/\/willizblog.de\/index.php?rest_route=\/wp\/v2\/posts"}],"about":[{"href":"https:\/\/willizblog.de\/index.php?rest_route=\/wp\/v2\/types\/post"}],"author":[{"embeddable":true,"href":"https:\/\/willizblog.de\/index.php?rest_route=\/wp\/v2\/users\/1"}],"replies":[{"embeddable":true,"href":"https:\/\/willizblog.de\/index.php?rest_route=%2Fwp%2Fv2%2Fcomments&post=9940"}],"version-history":[{"count":0,"href":"https:\/\/willizblog.de\/index.php?rest_route=\/wp\/v2\/posts\/9940\/revisions"}],"wp:attachment":[{"href":"https:\/\/willizblog.de\/index.php?rest_route=%2Fwp%2Fv2%2Fmedia&parent=9940"}],"wp:term":[{"taxonomy":"category","embeddable":true,"href":"https:\/\/willizblog.de\/index.php?rest_route=%2Fwp%2Fv2%2Fcategories&post=9940"},{"taxonomy":"post_tag","embeddable":true,"href":"https:\/\/willizblog.de\/index.php?rest_route=%2Fwp%2Fv2%2Ftags&post=9940"}],"curies":[{"name":"wp","href":"https:\/\/api.w.org\/{rel}","templated":true}]}}