{"id":995,"date":"2007-10-30T16:34:31","date_gmt":"2007-10-30T14:34:31","guid":{"rendered":"http:\/\/www.albinz.de\/blog\/?p=995"},"modified":"2011-08-23T11:39:09","modified_gmt":"2011-08-23T10:39:09","slug":"komodiantin-evelyn-hamann-gestorben","status":"publish","type":"post","link":"https:\/\/willizblog.de\/?p=995","title":{"rendered":"Kom\u00f6diantin Evelyn Hamann gestorben"},"content":{"rendered":"<p>F\u00fcr Vicco von B\u00fclow allias <a href=\"http:\/\/www.loriot.de\/\" target=\"_blank\">Loriot<\/a> war sie ein Geschenk. Und sie war Loriots kongeniale Partnerin in unz\u00e4hligen Sketchen sowie in zwei abendf\u00fcllenden Filmen mit dem Meister des Humors. In der Nacht zum Montag verstarb die gro\u00dfe Kom\u00f6diantin Evelyn Hamann nach kurzer schwerer Krankheit im Alter von 65 Jahren in ihrer Geburtstagsstadt Hamburg. <\/p>\n<p>Ich halte Loriot f\u00fcr einen der gr\u00f6\u00dften Humoristen in Deutschland. Aber ohne Evelyn Hamann w\u00e4re seine Komik nur die H\u00e4lfte wert. Gerade in diesem Tagen ist <a href=\"https:\/\/www.amazon.de\/gp\/product\/B000UWT8RE?ie=UTF8&#038;tag=familiealbin-21&#038;linkCode=as2&#038;camp=1638&#038;creative=6742&#038;creativeASIN=B000UWT8RE\" target=\"_blank\">Loriot &#8211; Vollst\u00e4ndige Fernseh-Edition ((6 DVDs) inkl. 50 noch nie ver\u00f6ffentlichter Sketche)<\/a><img loading=\"lazy\" src=\"https:\/\/www.assoc-amazon.de\/e\/ir?t=familiealbin-21&#038;l=as2&#038;o=3&#038;a=B000UWT8RE\" width=\"1\" height=\"1\" border=\"0\" alt=\"\" style=\"border:none !important; margin:0px !important;\" \/> erschienen.<\/p>\n<p>Vielen Dank, <strong><em>Evelyn Hamann<\/em><\/strong>!<\/p>\n<p><object style='width:470px;height:406px;' type='application\/x-shockwave-flash' data='http:\/\/www.myvideo.de\/movie\/168395'><param name='movie' value='http:\/\/www.myvideo.de\/movie\/168395'\/><param name='FlashVars' value='DESTSERVER=http:\/\/www.myvideo.de&#038;LINKTEXT=MyVideo'\/><param name='AllowFullscreen' value='true' \/><\/object><br \/>\nLoriot &#8211; die Nudel<\/p>\n<p><object width=\"425\" height=\"355\"><param name=\"movie\" value=\"https:\/\/www.youtube.com\/v\/pM9FMRhjcYM&#038;rel=1\"><\/param><param name=\"wmode\" value=\"transparent\"><\/param><embed src=\"https:\/\/www.youtube.com\/v\/pM9FMRhjcYM&#038;rel=1\" type=\"application\/x-shockwave-flash\" wmode=\"transparent\" width=\"425\" height=\"355\"><\/embed><\/object><br \/>\nLoriot &#8211; Krawehl Krawehl<\/p>\n<p>siehe auch meinen Beitrag: <a href=\"https:\/\/www.willizblog.de\/?p=138\" target=\"_blank\">Heinz Erhardt: Und noch &#8217;n Gedicht<\/a><\/p>\n","protected":false},"excerpt":{"rendered":"<p>F\u00fcr Vicco von B\u00fclow allias Loriot war sie ein Geschenk. Und sie war Loriots kongeniale Partnerin in unz\u00e4hligen Sketchen sowie in zwei abendf\u00fcllenden Filmen mit dem Meister des Humors. In der Nacht zum Montag verstarb die gro\u00dfe Kom\u00f6diantin Evelyn Hamann nach kurzer schwerer Krankheit im Alter von 65 Jahren in ihrer Geburtstagsstadt Hamburg. Ich halte &hellip; <a href=\"https:\/\/willizblog.de\/?p=995\" class=\"more-link\"><span class=\"screen-reader-text\">Kom\u00f6diantin Evelyn Hamann gestorben<\/span> weiterlesen <span class=\"meta-nav\">&rarr;<\/span><\/a><\/p>\n","protected":false},"author":1,"featured_media":0,"comment_status":"open","ping_status":"closed","sticky":false,"template":"","format":"standard","meta":[],"categories":[7,13],"tags":[],"_links":{"self":[{"href":"https:\/\/willizblog.de\/index.php?rest_route=\/wp\/v2\/posts\/995"}],"collection":[{"href":"https:\/\/willizblog.de\/index.php?rest_route=\/wp\/v2\/posts"}],"about":[{"href":"https:\/\/willizblog.de\/index.php?rest_route=\/wp\/v2\/types\/post"}],"author":[{"embeddable":true,"href":"https:\/\/willizblog.de\/index.php?rest_route=\/wp\/v2\/users\/1"}],"replies":[{"embeddable":true,"href":"https:\/\/willizblog.de\/index.php?rest_route=%2Fwp%2Fv2%2Fcomments&post=995"}],"version-history":[{"count":0,"href":"https:\/\/willizblog.de\/index.php?rest_route=\/wp\/v2\/posts\/995\/revisions"}],"wp:attachment":[{"href":"https:\/\/willizblog.de\/index.php?rest_route=%2Fwp%2Fv2%2Fmedia&parent=995"}],"wp:term":[{"taxonomy":"category","embeddable":true,"href":"https:\/\/willizblog.de\/index.php?rest_route=%2Fwp%2Fv2%2Fcategories&post=995"},{"taxonomy":"post_tag","embeddable":true,"href":"https:\/\/willizblog.de\/index.php?rest_route=%2Fwp%2Fv2%2Ftags&post=995"}],"curies":[{"name":"wp","href":"https:\/\/api.w.org\/{rel}","templated":true}]}}