{"id":996,"date":"2007-10-31T00:03:53","date_gmt":"2007-10-30T22:03:53","guid":{"rendered":"http:\/\/www.albinz.de\/blog\/?p=996"},"modified":"2011-02-24T12:41:57","modified_gmt":"2011-02-24T11:41:57","slug":"freddy-und-das-lied-der-sudsee-1962","status":"publish","type":"post","link":"https:\/\/willizblog.de\/?p=996","title":{"rendered":"Freddy und das Lied der S\u00fcdsee (1962)"},"content":{"rendered":"<p>Nachdem ich in diesen Tagen bereits <a href=\"https:\/\/www.willizblog.de\/?p=991\" target=\"_blank\">eine Jugends\u00fcnde musikalischer Art<\/a> gebeichtet habe, m\u00f6chte ich noch einen Schritt weiter gehen, genauer: weiter zur\u00fcck in meine Kinderzeit. Ich lebte ab meinem 4. Lebensjahr in Bremen &#8211; und Bremen ist bekannterweise eine Hafenstadt. So bin ich \u00f6fter als Kind mit meiner Mutter im Europa- und \u00dcberseehafen von Bremen unterwegs gewesen, habe mir die Schiffe und die Seeleute aus fernen L\u00e4ndern angesehen.<\/p>\n<p>Da ist es eigentlich nicht verwunderlich, wenn ich in Kinderzeiten eine gewisse Vorliebe f\u00fcr <a href=\"https:\/\/de.wikipedia.org\/wiki\/Freddy_Quinn\" target=\"_blank\">Freddy Quinn<\/a> entwickelte. \u00c4ltere erinnern sich vielleicht noch an das Lied &#8222;Junge komm&#8216; bald wieder&#8220;. Der eigentlich in \u00d6sterreich geborene Freddy Quinn war in den 60er Jahren der Inbegriff des weit gereisten Seemannes. Aber Freddy Quinn war nicht nur S\u00e4nger, sondern spielte in einigen Filmen mit, klar: Schlagerfilmen, die das Fernweh des Zuschauers bedienten.<\/p>\n<p>Da wir uns so langsam dem Weihnachtsfest n\u00e4hern: Es war in meiner Familie mehr oder weniger Tradition, dass ich mit meinen Eltern am 2. Weihnachtstag ins Kino ging. Damals, d.h. Anfang der 60er Jahre, hatten wir noch keinen Fernseher. Und mindestens an einem solchen Weihnachtstag sah ich dann Ende 1962 den Film: <em>Freddy und das Lied der S\u00fcdsee<\/em>. Ich war acht Jahre alt und fasziniert von der Exotik der S\u00fcdsee.<\/p>\n<p>Nun heute kann ich nur (mit mir milde) l\u00e4cheln, wenn ich an Freddy Quinn und diesen Film zur\u00fcckdenke. Aber, und deshalb dieser Beitrag, ich habe mir Teile dieses Filme in diesen Tagen abgeschaut und musste so an meine Kindheit in Bremen denken. Und trotz der recht einschl\u00e4gigen Lieder (&#8222;Das weite Meer&#8220; und das fast schon obligatorische &#8222;Aloha Oe&#8220;) des Filmes lie\u00df ich mich f\u00fcr Augenblicke in die S\u00fcdsee entf\u00fchren (oder doch wohl eher in meine Kindheit).<\/p>\n<p><object width=\"425\" height=\"344\"><param name=\"movie\" value=\"https:\/\/www.youtube.com\/v\/RmB2uCmZuts&#038;hl=de&#038;fs=1&#038;\"><\/param><param name=\"allowFullScreen\" value=\"true\"><\/param><param name=\"allowscriptaccess\" value=\"always\"><\/param><embed src=\"https:\/\/www.youtube.com\/v\/RmB2uCmZuts&#038;hl=de&#038;fs=1&#038;\" type=\"application\/x-shockwave-flash\" allowscriptaccess=\"always\" allowfullscreen=\"true\" width=\"425\" height=\"344\"><\/embed><\/object><\/p>\n","protected":false},"excerpt":{"rendered":"<p>Nachdem ich in diesen Tagen bereits eine Jugends\u00fcnde musikalischer Art gebeichtet habe, m\u00f6chte ich noch einen Schritt weiter gehen, genauer: weiter zur\u00fcck in meine Kinderzeit. Ich lebte ab meinem 4. Lebensjahr in Bremen &#8211; und Bremen ist bekannterweise eine Hafenstadt. So bin ich \u00f6fter als Kind mit meiner Mutter im Europa- und \u00dcberseehafen von Bremen &hellip; <a href=\"https:\/\/willizblog.de\/?p=996\" class=\"more-link\"><span class=\"screen-reader-text\">Freddy und das Lied der S\u00fcdsee (1962)<\/span> weiterlesen <span class=\"meta-nav\">&rarr;<\/span><\/a><\/p>\n","protected":false},"author":1,"featured_media":0,"comment_status":"open","ping_status":"closed","sticky":false,"template":"","format":"standard","meta":[],"categories":[13],"tags":[],"_links":{"self":[{"href":"https:\/\/willizblog.de\/index.php?rest_route=\/wp\/v2\/posts\/996"}],"collection":[{"href":"https:\/\/willizblog.de\/index.php?rest_route=\/wp\/v2\/posts"}],"about":[{"href":"https:\/\/willizblog.de\/index.php?rest_route=\/wp\/v2\/types\/post"}],"author":[{"embeddable":true,"href":"https:\/\/willizblog.de\/index.php?rest_route=\/wp\/v2\/users\/1"}],"replies":[{"embeddable":true,"href":"https:\/\/willizblog.de\/index.php?rest_route=%2Fwp%2Fv2%2Fcomments&post=996"}],"version-history":[{"count":0,"href":"https:\/\/willizblog.de\/index.php?rest_route=\/wp\/v2\/posts\/996\/revisions"}],"wp:attachment":[{"href":"https:\/\/willizblog.de\/index.php?rest_route=%2Fwp%2Fv2%2Fmedia&parent=996"}],"wp:term":[{"taxonomy":"category","embeddable":true,"href":"https:\/\/willizblog.de\/index.php?rest_route=%2Fwp%2Fv2%2Fcategories&post=996"},{"taxonomy":"post_tag","embeddable":true,"href":"https:\/\/willizblog.de\/index.php?rest_route=%2Fwp%2Fv2%2Ftags&post=996"}],"curies":[{"name":"wp","href":"https:\/\/api.w.org\/{rel}","templated":true}]}}