{"id":9964,"date":"2017-03-24T09:35:53","date_gmt":"2017-03-24T09:35:53","guid":{"rendered":"http:\/\/willizblog.de\/?p=9964"},"modified":"2017-03-24T09:43:54","modified_gmt":"2017-03-24T09:43:54","slug":"martin-walser-wird-90","status":"publish","type":"post","link":"https:\/\/willizblog.de\/?p=9964","title":{"rendered":"Martin Walser wird 90"},"content":{"rendered":"<p><em>\u201eJa, der Walser \u2026!\u201d<\/em> \u2013 Der Tonfall macht die Musik. Dem einen ist es ein Seufzer. Dem anderen entspringt dieser Ausruf einer unverhohlenen Bewunderung. Bewundernswert ist es auf jeden Fall, in diesem hohen Alter, <a href=\"https:\/\/de.wikipedia.org\/wiki\/Martin_Walser\" target=\"_blank\">Martin Walser<\/a> wird heute 90 Jahre alt, noch so geistig rege zu sein. Und erst vor Kurzem erschien der Roman <a rel=\"nofollow\" href=\"https:\/\/www.amazon.de\/gp\/product\/3498073923\/ref=as_li_tl?ie=UTF8&#038;camp=1638&#038;creative=6742&#038;creativeASIN=3498073923&#038;linkCode=as2&#038;tag=familiealbin-21\" target=\"_blank\">Statt etwas oder Der letzte Rank<\/a><img loading=\"lazy\" src=\"http:\/\/ir-de.amazon-adsystem.com\/e\/ir?t=familiealbin-21&#038;l=as2&#038;o=3&#038;a=3498073923\" width=\"1\" height=\"1\" border=\"0\" alt=\"\" style=\"border:none !important; margin:0px !important;\" \/> aus seiner Feder. Ob das sein letztes Werk sein wird? Eher nicht \u2026<\/p>\n<p>Ich habe mich <a href=\"https:\/\/www.willizblog.de\/index.php?s=martin+walser\" target=\"_blank\">in diesem Blog immer wieder mit <strong>Martin Walser<\/strong><\/a> besch\u00e4ftigt. Ich habe so ziemlich alle seine B\u00fccher, insbesondere nat\u00fcrlich seine Romane, gelesen. Und ich mag ihn immer noch. Nat\u00fcrlich ist er umstritten, wie sollte er es auch NICHT sein, wenn er sich immer so freim\u00fctig \u00e4u\u00dfert. Und auch mir gef\u00e4llt nicht immer alles, was er von sich gibt. Da sind jetzt seine \u00c4u\u00dferungen zur AfD. Walser h\u00e4lt diese rechtspopulistische Partei f\u00fcr ungef\u00e4hrlich und armselig. \u201eIn zehn Jahren wei\u00df kein Mensch mehr, wer oder was die AfD war&#8220;, sagte Walser in einem Interview. Zu bedenken sei allerdings, dass offenbar jede weitergehende Herausforderung durch ein Problem wie derzeit die Fl\u00fcchtlinge jene mobilisiere, die sich in einer Gesellschaft \u201eschon vorher als zu kurz gekommen f\u00fchlten&#8220;. Das machten dann Parteien wie die AfD zum Programm. \u2013 Mit Sicherheit macht man um solche Parteien zu viel Gewese.<\/p>\n<p><img src=\"https:\/\/www.willizblog.de\/blogpicts\/walser_orli.jpg\" alt=\"Eintragung aus Martin Walsers Tagebuch: Orli Loks aus dem Roman \u201eDas Einhorn\u201c, Anselm Kristleins gro\u00dfe Liebe\" title=\"Eintragung aus Martin Walsers Tagebuch: Orli Loks aus dem Roman \u201eDas Einhorn\u201c, Anselm Kristleins gro\u00dfe Liebe\" \/><br \/>\nEintragung aus Martin Walsers Tagebuch: Orli Loks aus dem Roman <a href=\"https:\/\/willizblog.de\/?p=3836\" target=\"_blank\">\u201eDas Einhorn\u201c<\/a>, Anselm Kristleins gro\u00dfe Liebe<\/p>\n<p>Nun, den <em>letzten Rank<\/em> (die letzte Wendung, die der Verfolgte nimmt, um dem Verfolger zu entgehen) habe ich immer noch ungelesen auf meinem Schreibtisch liegen. Walsers runder Geburtstag sollte Anlass sein, das Lesen endlich nachzuholen. <strong>Alles Gute zum Geburtstag und vor allem noch weitere schaffensreiche Jahre!<\/strong><\/p>\n","protected":false},"excerpt":{"rendered":"<p>\u201eJa, der Walser \u2026!\u201d \u2013 Der Tonfall macht die Musik. Dem einen ist es ein Seufzer. Dem anderen entspringt dieser Ausruf einer unverhohlenen Bewunderung. Bewundernswert ist es auf jeden Fall, in diesem hohen Alter, Martin Walser wird heute 90 Jahre alt, noch so geistig rege zu sein. Und erst vor Kurzem erschien der Roman Statt &hellip; <a href=\"https:\/\/willizblog.de\/?p=9964\" class=\"more-link\"><span class=\"screen-reader-text\">Martin Walser wird 90<\/span> weiterlesen <span class=\"meta-nav\">&rarr;<\/span><\/a><\/p>\n","protected":false},"author":1,"featured_media":0,"comment_status":"open","ping_status":"open","sticky":false,"template":"","format":"standard","meta":[],"categories":[3],"tags":[],"_links":{"self":[{"href":"https:\/\/willizblog.de\/index.php?rest_route=\/wp\/v2\/posts\/9964"}],"collection":[{"href":"https:\/\/willizblog.de\/index.php?rest_route=\/wp\/v2\/posts"}],"about":[{"href":"https:\/\/willizblog.de\/index.php?rest_route=\/wp\/v2\/types\/post"}],"author":[{"embeddable":true,"href":"https:\/\/willizblog.de\/index.php?rest_route=\/wp\/v2\/users\/1"}],"replies":[{"embeddable":true,"href":"https:\/\/willizblog.de\/index.php?rest_route=%2Fwp%2Fv2%2Fcomments&post=9964"}],"version-history":[{"count":0,"href":"https:\/\/willizblog.de\/index.php?rest_route=\/wp\/v2\/posts\/9964\/revisions"}],"wp:attachment":[{"href":"https:\/\/willizblog.de\/index.php?rest_route=%2Fwp%2Fv2%2Fmedia&parent=9964"}],"wp:term":[{"taxonomy":"category","embeddable":true,"href":"https:\/\/willizblog.de\/index.php?rest_route=%2Fwp%2Fv2%2Fcategories&post=9964"},{"taxonomy":"post_tag","embeddable":true,"href":"https:\/\/willizblog.de\/index.php?rest_route=%2Fwp%2Fv2%2Ftags&post=9964"}],"curies":[{"name":"wp","href":"https:\/\/api.w.org\/{rel}","templated":true}]}}