{"id":9969,"date":"2017-04-05T12:28:12","date_gmt":"2017-04-05T12:28:12","guid":{"rendered":"http:\/\/willizblog.de\/?p=9969"},"modified":"2017-04-06T05:49:14","modified_gmt":"2017-04-06T05:49:14","slug":"europa-winkt","status":"publish","type":"post","link":"https:\/\/willizblog.de\/?p=9969","title":{"rendered":"Europa winkt"},"content":{"rendered":"<p>Bezogen auf die  letzten sieben Spieltage entpuppte sich der SV Werder Bremen als die erfolgreichste Mannschaft der Fu\u00dfball-Bundesliga. Selbst die Bayern (nach dem 0:1 in Hoffenheim) hinken da hinterher. Die Bremen holten 19 von 21 m\u00f6glichen Punkten und d\u00fcrften das Abstiegsgespenst langsam, aber sicher verscheucht haben. Was ist geschehen?<\/p>\n<p>Obwohl das Jahr nicht gerade gut f\u00fcr die Bremer begann, so zeigte sich bereits in den Heimspielen gegen Dortmund und den FC Bayern, die zwar beide verloren gingen, wenn auch nur knapp, dass die Mannschaft mehr Potential hat, als viele dachten. Au\u00dferdem hatte man sich zur Winterpause mit einem Spieler verst\u00e4rkt, der nicht nur gleich zum Stammspieler wurde, sondern der auch zum Schl\u00fcssel des Erfolgs wurde: <a href=\"https:\/\/de.wikipedia.org\/wiki\/Thomas_Delaney\" target=\"_blank\">Thomas Delaney<\/a>. Mit seiner Hilfe hat sich die Abwehr deutlich stabilisiert.<\/p>\n<p>Und der Angriff  zeigt sich flexibel und effizient. Mit Gnabry, der leider noch immer verletzt ist, Kruse, Bartels, Altmeister Pizarro und auch mit Delaney, wenn er vom Trainer aus offensiver agieren darf, gibt eine ganze Reihe von Spielern, die f\u00fcr ein Tor gut sind. Und nat\u00fcrlich hat sich auch schon so mancher Abwehrspieler in die Torsch\u00fctzenliste eingetragen. Die Mannschaft ist unberechenbar geworden.<\/p>\n<p><img src=\"https:\/\/www.willizblog.de\/images\/werder1617_st27_schalke_kruse.jpg\" alt=\"SV Werder Bremen \u2013 Schalke 04 3:0 \u2013 Kruse und Co. feiern\" title=\"SV Werder Bremen \u2013 Schalke 04 3:0 \u2013 Kruse und Co. feiern\" \/><\/p>\n<p>Und in der Ferne winkt sogar Europa. Nat\u00fcrlich ist das noch in weiter Ferne. Erst einmal sollte der Klassenerhalt in trockene T\u00fccher gewickelt sein, denn in diesem Jahr d\u00fcrften die 35 Punkte, die Werder bisher erzielt hat, kaum reichen, um dem 16. Tabellenplatz, dem Relegationsplatz (Spiele um den Klassenerhalt gegen den Tabellendritten der 2. Liga), zu entgehen. Das Gedr\u00e4ngel am \u201aAbgrund\u2018 ist so gro\u00df wie lange nicht. Schon am Freitag im Spiel in Frankfurt k\u00f6nnte die Serie der Bremer rei\u00dfen. Aber insgesamt sind es noch sieben Spiele bis zum Saisonende. Da ist vieles noch m\u00f6glich, sogar ein sechster Platz, der f\u00fcr die Qualifikation zur Europa League berechtigt.<\/p>\n","protected":false},"excerpt":{"rendered":"<p>Bezogen auf die letzten sieben Spieltage entpuppte sich der SV Werder Bremen als die erfolgreichste Mannschaft der Fu\u00dfball-Bundesliga. Selbst die Bayern (nach dem 0:1 in Hoffenheim) hinken da hinterher. Die Bremen holten 19 von 21 m\u00f6glichen Punkten und d\u00fcrften das Abstiegsgespenst langsam, aber sicher verscheucht haben. Was ist geschehen? Obwohl das Jahr nicht gerade gut &hellip; <a href=\"https:\/\/willizblog.de\/?p=9969\" class=\"more-link\"><span class=\"screen-reader-text\">Europa winkt<\/span> weiterlesen <span class=\"meta-nav\">&rarr;<\/span><\/a><\/p>\n","protected":false},"author":1,"featured_media":0,"comment_status":"open","ping_status":"open","sticky":false,"template":"","format":"standard","meta":[],"categories":[27],"tags":[],"_links":{"self":[{"href":"https:\/\/willizblog.de\/index.php?rest_route=\/wp\/v2\/posts\/9969"}],"collection":[{"href":"https:\/\/willizblog.de\/index.php?rest_route=\/wp\/v2\/posts"}],"about":[{"href":"https:\/\/willizblog.de\/index.php?rest_route=\/wp\/v2\/types\/post"}],"author":[{"embeddable":true,"href":"https:\/\/willizblog.de\/index.php?rest_route=\/wp\/v2\/users\/1"}],"replies":[{"embeddable":true,"href":"https:\/\/willizblog.de\/index.php?rest_route=%2Fwp%2Fv2%2Fcomments&post=9969"}],"version-history":[{"count":0,"href":"https:\/\/willizblog.de\/index.php?rest_route=\/wp\/v2\/posts\/9969\/revisions"}],"wp:attachment":[{"href":"https:\/\/willizblog.de\/index.php?rest_route=%2Fwp%2Fv2%2Fmedia&parent=9969"}],"wp:term":[{"taxonomy":"category","embeddable":true,"href":"https:\/\/willizblog.de\/index.php?rest_route=%2Fwp%2Fv2%2Fcategories&post=9969"},{"taxonomy":"post_tag","embeddable":true,"href":"https:\/\/willizblog.de\/index.php?rest_route=%2Fwp%2Fv2%2Ftags&post=9969"}],"curies":[{"name":"wp","href":"https:\/\/api.w.org\/{rel}","templated":true}]}}