{"id":997,"date":"2007-11-01T18:04:35","date_gmt":"2007-11-01T16:04:35","guid":{"rendered":"http:\/\/www.albinz.de\/blog\/?p=997"},"modified":"2008-05-19T11:50:27","modified_gmt":"2008-05-19T09:50:27","slug":"ivan-ist-wieder-da","status":"publish","type":"post","link":"https:\/\/willizblog.de\/?p=997","title":{"rendered":"Ivan ist wieder da &#8230;"},"content":{"rendered":"<p>So ganz daran geglaubt haben wohl nicht viele. Aber er ist wieder da: Ivan Klasnic spielte am Dienstag f\u00fcr die U23-Mannschaft von Werder Bremen und besiegte im DFB-Pokal St. Pauli im Elfmeter-Schie\u00dfen. Okay, ein Tor ist ihm nicht gegl\u00fcckt. Und wann er wieder in der 1. Mannschaft spielt, steht noch in den Sternen. Aber ein Anfang ist gemacht &#8230; Und das nach einer <a href=\"https:\/\/www.willizblog.de\/?p=739\" target=\"_blank\">Nierentransplantation<\/a>, die Klasnic seit Beginn des Jahres pausieren lie\u00df.<\/p>\n<p><img src=\"https:\/\/www.willizblog.de\/albpics\/ivan_klasnic_comeback.jpg\" alt=\"Welcome back, Ivan!\" \/><\/p>\n<p><em>Willkommen zur\u00fcck auf dem Fu\u00dfballplatz, Ivan!<\/em><\/p>\n<p>siehe auch zdf.de: <a href=\"http:\/\/www.heute.de\/ZDFsport\/inhalt\/13\/0,5676,7120621,00.html\" target=\"_blank\">Klasnic &#8211; Comeback mit Kribbelfaktor<\/a><\/p>\n","protected":false},"excerpt":{"rendered":"<p>So ganz daran geglaubt haben wohl nicht viele. Aber er ist wieder da: Ivan Klasnic spielte am Dienstag f\u00fcr die U23-Mannschaft von Werder Bremen und besiegte im DFB-Pokal St. Pauli im Elfmeter-Schie\u00dfen. Okay, ein Tor ist ihm nicht gegl\u00fcckt. Und wann er wieder in der 1. Mannschaft spielt, steht noch in den Sternen. Aber ein &hellip; <a href=\"https:\/\/willizblog.de\/?p=997\" class=\"more-link\"><span class=\"screen-reader-text\">Ivan ist wieder da &#8230;<\/span> weiterlesen <span class=\"meta-nav\">&rarr;<\/span><\/a><\/p>\n","protected":false},"author":1,"featured_media":0,"comment_status":"open","ping_status":"closed","sticky":false,"template":"","format":"standard","meta":[],"categories":[27],"tags":[],"_links":{"self":[{"href":"https:\/\/willizblog.de\/index.php?rest_route=\/wp\/v2\/posts\/997"}],"collection":[{"href":"https:\/\/willizblog.de\/index.php?rest_route=\/wp\/v2\/posts"}],"about":[{"href":"https:\/\/willizblog.de\/index.php?rest_route=\/wp\/v2\/types\/post"}],"author":[{"embeddable":true,"href":"https:\/\/willizblog.de\/index.php?rest_route=\/wp\/v2\/users\/1"}],"replies":[{"embeddable":true,"href":"https:\/\/willizblog.de\/index.php?rest_route=%2Fwp%2Fv2%2Fcomments&post=997"}],"version-history":[{"count":0,"href":"https:\/\/willizblog.de\/index.php?rest_route=\/wp\/v2\/posts\/997\/revisions"}],"wp:attachment":[{"href":"https:\/\/willizblog.de\/index.php?rest_route=%2Fwp%2Fv2%2Fmedia&parent=997"}],"wp:term":[{"taxonomy":"category","embeddable":true,"href":"https:\/\/willizblog.de\/index.php?rest_route=%2Fwp%2Fv2%2Fcategories&post=997"},{"taxonomy":"post_tag","embeddable":true,"href":"https:\/\/willizblog.de\/index.php?rest_route=%2Fwp%2Fv2%2Ftags&post=997"}],"curies":[{"name":"wp","href":"https:\/\/api.w.org\/{rel}","templated":true}]}}