{"id":9976,"date":"2017-04-27T09:20:41","date_gmt":"2017-04-27T09:20:41","guid":{"rendered":"http:\/\/willizblog.de\/?p=9976"},"modified":"2017-04-27T09:20:41","modified_gmt":"2017-04-27T09:20:41","slug":"200-jahre-fahrrad","status":"publish","type":"post","link":"https:\/\/willizblog.de\/?p=9976","title":{"rendered":"200 Jahre Fahrrad"},"content":{"rendered":"<p>Zu Ostern weilte ich in Mannheim und besuchte mit Frau und j\u00fcngerem Sohn meinen \u00e4lteren Sohn, der dort studiert.  Wie schon vor einem Jahr (<a href=\"https:\/\/willizblog.de\/?p=9656\" target=\"_blank\">500 Jahre deutsches Reinheitsgebot f\u00fcr Bier<\/a>) so gab es auch diesmal ein Jubil\u00e4um zu feiern: <a href=\"https:\/\/www.200jahre-fahrrad.de\/\" target=\"_blank\">200 Jahre Fahrrad<\/a>. Und diesmal hatte das auch wirklich etwas mit Mannheim zu tun.<\/p>\n<p><img src=\"https:\/\/www.willizblog.de\/images\/mannheim_ostern2017_01_200_jahre_fahrrad.jpg\" alt=\"Mannheim Ostern 2017 \u2013 Augustaanlage \u2013 200 Jahre Fahrrad\" title=\"Mannheim Ostern 2017 \u2013 Augustaanlage \u2013 200 Jahre Fahrrad\" \/><\/p>\n<p>Am 12. Juni 1817 fuhr n\u00e4mlich <a href=\"https:\/\/de.wikipedia.org\/wiki\/Karl_Drais\" target=\"_blank\">Karl Drais<\/a> erstmals auf einer Laufmaschine (Draisine) durch Mannheim. Die Laufmaschine gilt als die Urform des <a href=\"https:\/\/de.wikipedia.org\/wiki\/Fahrrad\" target=\"_blank\">Fahrrads<\/a>. Heute \u2013 nach fast 200 Jahren \u2013 ist das Fahrrad weltweit das am meisten genutzte Transportmittel und ein zentrales Element f\u00fcr die Entwicklung einer nachhaltigen und zukunftsf\u00e4higen Mobilit\u00e4t. <\/p>\n<ul><img src=\"https:\/\/www.willizblog.de\/images\/200_jahre_fahrrad_2017.jpg\" alt=\"200 Jahre Fahrrad 2017\" title=\"200 Jahre Fahrrad 2017\" \/><br \/>\n200 Jahre Fahrrad 2017<\/ul>\n<p>Nun anders als vor knapp 10 Jahren geschrieben (<a href=\"https:\/\/willizblog.de\/?p=953\" target=\"_blank\">Tanz ums goldene Kalb<\/a>), verf\u00fcge ich mit Familie inzwischen auch \u00fcber vierr\u00e4driges Gef\u00e4hrt, das aber \u00fcberwiegend mein J\u00fcngster f\u00fcr Fahrten zur Arbeit benutzt. Ansonsten haben wir der \u201aStall\u2018 voll mit <a target=\"_blank\" rel=\"nofollow\" href=\"https:\/\/www.amazon.de\/gp\/search?ie=UTF8&#038;camp=1638&#038;creative=6742&#038;index=aps&#038;keywords=Fahrrad&#038;linkCode=ur2&#038;tag=familiealbin-21\"><strong>Fahrr\u00e4dern<\/strong><\/a><img loading=\"lazy\" src=\"http:\/\/ir-de.amazon-adsystem.com\/e\/ir?t=familiealbin-21&#038;l=ur2&#038;o=3\" width=\"1\" height=\"1\" border=\"0\" alt=\"\" style=\"border:none !important; margin:0px !important;\" \/>. Ich wei\u00df nicht, wie hoch der Anteil an Fahrr\u00e4dern pro Bewohner in Deutschland ist, aber bei uns d\u00fcrfte er bei \u00fcber 1,5 Fahrrad\/Person liegen, die Kinderr\u00e4der u.\u00e4., die meine Frau f\u00fcr ihre Tageskinder bereith\u00e4lt, nicht mitgez\u00e4hlt.<\/p>\n<p>Heute ist das Fahrrad zu einem Hightech-Artikel geworden mit Navigationssystem und Fahrrad-Computer. L\u00e4ngst verf\u00fcgen R\u00e4der heute \u00fcber hydraulische Scheibenbremsen, vorne wie hinten, und nat\u00fcrlich Kettenschaltung mit x-vielen G\u00e4ngen. Seitenl\u00e4uferdynamos f\u00fcrs Licht, die fr\u00fcher das Fahren bei Dunkelheit erheblich erschwerten, sind l\u00e4ngst durch <a target=\"_blank\" rel=\"nofollow\" href=\"https:\/\/www.amazon.de\/gp\/search?ie=UTF8&#038;camp=1638&#038;creative=6742&#038;index=aps&#038;keywords=nabendynamo&#038;linkCode=ur2&#038;tag=familiealbin-21\"><strong>Nabendynamos<\/strong><\/a><img loading=\"lazy\" src=\"http:\/\/ir-de.amazon-adsystem.com\/e\/ir?t=familiealbin-21&#038;l=ur2&#038;o=3\" width=\"1\" height=\"1\" border=\"0\" alt=\"\" style=\"border:none !important; margin:0px !important;\" \/> ersetzt. Fahrradrahmen, Sattel und Lenker \u2013 alles nur vom Feinsten. Und nicht nur mehr bei Rentnern up to date sind <a target=\"_blank\" rel=\"nofollow\" href=\"https:\/\/www.amazon.de\/gp\/search?ie=UTF8&#038;camp=1638&#038;creative=6742&#038;index=aps&#038;keywords=E-Bikes&#038;linkCode=ur2&#038;tag=familiealbin-21\"><strong>E-Bikes<\/strong><\/a><img loading=\"lazy\" src=\"http:\/\/ir-de.amazon-adsystem.com\/e\/ir?t=familiealbin-21&#038;l=ur2&#038;o=3\" width=\"1\" height=\"1\" border=\"0\" alt=\"\" style=\"border:none !important; margin:0px !important;\" \/>. Die bieten nicht nur eine Anfahrhilfe, sondern unterst\u00fctzen den Biker bei widrigem Gel\u00e4nde oder garstigen Wettersituationen.<\/p>\n<p>Ich wei\u00df nicht, wie viele Kilometer ich in meinem Leben auf dem <a href=\"https:\/\/willizblog.de\/?s=fahrrad\" target=\"_blank\">Fahrrad<\/a> zur\u00fcckgelegt habe. Die letzte gr\u00f6\u00dfere Radtour ist allerdings auch schon wieder fast elf Jahre her (<a href=\"https:\/\/willizblog.de\/?p=571\" target=\"_blank\">Fehmarn 2006<\/a>). Sonst bin ich meist mit meiner Frau <a href=\"https:\/\/willizblog.de\/?p=7483\" target=\"_blank\">rund um Tostedt<\/a> unterwegs. In fr\u00fchen Jahren allerdings war ich in den Ferien oft mit Freunden auf dem Rad unterwegs und habe so ziemlich viel in Norddeutschland (<a href=\"http:\/\/www.niedersachsen-radroutenplaner.de\/\" target=\"_blank\">speziell Niedersachsen<\/a>) abgegrast. Da lassen sich einige Anekdoten erz\u00e4hlen vom (erlaubten) Zelten in Vorg\u00e4rten, kostenfreien Bewirtungen und \u00fcberhaupt gastfreundlichen Menschen aller Orts. Und nicht umsonst bin ich seit rund 50 Jahren (mit kurzen Unterbrechungen) Mitglied des <a href=\"http:\/\/www.jugendherberge.de\/\" target=\"_blank\">Jugendherbergswerk <strong>DJH<\/strong><\/a>.<\/p>\n<p>Also auf, ihr m\u00fcden Krieger! Gerade zu diesem Wochenende soll\u2019s drau\u00dfen sonnig und endlich wieder w\u00e4rmer werden. Man muss ja nicht gleich f\u00fcr die Tour de France trainieren. Mit gepacktem Picknickkorb findet jeder einen Weg ins Gr\u00fcne. <strong><em>Fr\u00f6hliches Radeln w\u00fcnsche ich!<\/em><\/strong> \ud83d\ude09<\/p>\n","protected":false},"excerpt":{"rendered":"<p>Zu Ostern weilte ich in Mannheim und besuchte mit Frau und j\u00fcngerem Sohn meinen \u00e4lteren Sohn, der dort studiert. Wie schon vor einem Jahr (500 Jahre deutsches Reinheitsgebot f\u00fcr Bier) so gab es auch diesmal ein Jubil\u00e4um zu feiern: 200 Jahre Fahrrad. Und diesmal hatte das auch wirklich etwas mit Mannheim zu tun. Am 12. &hellip; <a href=\"https:\/\/willizblog.de\/?p=9976\" class=\"more-link\"><span class=\"screen-reader-text\">200 Jahre Fahrrad<\/span> weiterlesen <span class=\"meta-nav\">&rarr;<\/span><\/a><\/p>\n","protected":false},"author":1,"featured_media":0,"comment_status":"open","ping_status":"open","sticky":false,"template":"","format":"standard","meta":[],"categories":[10,11],"tags":[],"_links":{"self":[{"href":"https:\/\/willizblog.de\/index.php?rest_route=\/wp\/v2\/posts\/9976"}],"collection":[{"href":"https:\/\/willizblog.de\/index.php?rest_route=\/wp\/v2\/posts"}],"about":[{"href":"https:\/\/willizblog.de\/index.php?rest_route=\/wp\/v2\/types\/post"}],"author":[{"embeddable":true,"href":"https:\/\/willizblog.de\/index.php?rest_route=\/wp\/v2\/users\/1"}],"replies":[{"embeddable":true,"href":"https:\/\/willizblog.de\/index.php?rest_route=%2Fwp%2Fv2%2Fcomments&post=9976"}],"version-history":[{"count":0,"href":"https:\/\/willizblog.de\/index.php?rest_route=\/wp\/v2\/posts\/9976\/revisions"}],"wp:attachment":[{"href":"https:\/\/willizblog.de\/index.php?rest_route=%2Fwp%2Fv2%2Fmedia&parent=9976"}],"wp:term":[{"taxonomy":"category","embeddable":true,"href":"https:\/\/willizblog.de\/index.php?rest_route=%2Fwp%2Fv2%2Fcategories&post=9976"},{"taxonomy":"post_tag","embeddable":true,"href":"https:\/\/willizblog.de\/index.php?rest_route=%2Fwp%2Fv2%2Ftags&post=9976"}],"curies":[{"name":"wp","href":"https:\/\/api.w.org\/{rel}","templated":true}]}}